{"id":701,"date":"2014-03-02T08:40:00","date_gmt":"2014-03-02T08:40:00","guid":{"rendered":""},"modified":"-0001-11-30T00:00:00","modified_gmt":"-0001-11-29T22:00:00","slug":"","status":"publish","type":"post","link":"http:\/\/www.chapelle-crecy.com\/?p=701","title":{"rendered":"Annonces de la semaine du 3 au 9 mars 2014"},"content":{"rendered":"<table bgcolor =\"F0FAFF\" border=0>\n<tbody>\n<tr>\n<td>\n<div align=\"justify\">\n<div \"643\">Voici les annonces de la semaine du lundi 24 f\u00e9vrier au dimanche 2 mars 2014 pour la paroisse des 3 clochers Cr\u00e9cy-la-Chapelle, Villiers-sur-Morin, Voulangis. <br \/>\nSamedi 8 \u00e0\u00a0 18 h 30, messe \u00e0\u00a0 Voulangis,<br \/>\nDimanche 9 \u00e0\u00a0 10 h 30, messe \u00e0\u00a0 Cr\u00e9cy.<br \/>\nTous les d\u00e9tails dans la suite &#8230;<\/div>\n<\/div>\n<\/td>\n<\/tr>\n<\/tbody>\n<\/table>\n<table bgcolor =\"F0F6FF\" border=0>\n<tbody>\n<tr>\n<td width=\"25%\"><font color=\"00CC00\">Lundi 3 mars<\/font><\/td>\n<td><font color=\"00CC00\">14 h 30 &#8211; R\u00e9union de l&rsquo;Equipe du Rosaire chez Mme LOUIS.<br \/>\n<\/font><\/td>\n<td><font color=\"00CC00\">17 h  C\u00e9l\u00e9bration \u00e0 la Maison de Retraite.<\/font><\/td>\n<\/tr>\n<tr>\n<td width=\"25%\"><font color=\"0E0C40\">Mardi 4 mars<\/font><\/td>\n<td><font color=\"0E0C40\">9 h &#8211; Messe \u00e0 Cr\u00e9cy pour Maurice CAUGNE  et Yvonne PERARDOT.<\/font><\/td>\n<td><font color=\"0E0C40\"><\/p>\n<div align=\"center\"><img decoding=\"async\" src=\"\/IMG\/personnes\/francois1.jpg\" width=150><\/div>\n<p><\/font><\/td>\n<\/tr>\n<tr>\n<td width=\"25%\"><font color=\"0020FF\">Mercredi 5 mars<\/font><\/td>\n<td><font color=\"0020FF\"><img decoding=\"async\" src=\"\/IMG\/jpg\/cendres.jpg\"  width=150><\/div>\n<p><\/font><\/td>\n<td><font color=\"0020FF\">20 h 30 &#8211; MESSE D&rsquo;ENTREE EN CAREME.<br \/>\nElle sera suivie d&rsquo;une demi-heure d&rsquo;Adoration.<br \/>\n<\/font><\/td>\n<\/tr>\n<tr>\n<td width=\"25%\"><font color=\"0E0C40\">Jeudi 6 mars<\/font><\/td>\n<td><font color=\"0E0C40\">9 h &#8211; Messe \u00e0 Cr\u00e9cy pour Denise HOLLANDERS et Claude LAUX.<\/font><\/td>\n<td><font color=\"0E0C40\"><img decoding=\"async\" src=\"\/IMG\/personnes\/francois3.jpg\"  width=150><\/div>\n<p><\/font><\/td>\n<\/tr>\n<tr>\n<td width=\"25%\"><font color=\"00CC00\">Vendredi 7 mars<\/font><\/td>\n<td><font color=\"00CC00\">9 h &#8211; Messe \u00e0 Cr\u00e9cy pour  Claudie SIMON et Dominique BOISGONTIER.\n<\/td>\n<td><font color=\"00CC00\">9 h 30 -Heure d&rsquo;adoration du Saint Sacrement \u00e0 la chapelle de la Vierge.<\/font><\/td>\n<\/tr>\n<tr>\n<td width=\"25%\"><font color=\"0020FF\">Samedi 8 mars<\/font><\/td>\n<td><font color=\"0020FF\">18 h 30 &#8211; Messe \u00e0  Voulangis pour  Alain ROUILLE et Stanislas WALTER.<\/font><\/td>\n<td><font color=\"0020FF\"><\/p>\n<div align=\"center\"><img decoding=\"async\" src=\"\/IMG\/lieux\/voulangis_eglise4.jpg\"  width=150><\/div>\n<p><\/font><\/td>\n<\/tr>\n<tr>\n<td><font color=\"0E0C40\">Dimanche 9 mars<br \/>\n<i>1er Dimanche de Car\u00eame<\/i><\/font><\/td>\n<td><font color=\"0E0C40\">10 h 30 &#8211; A Cr\u00e9cy, Messe anniversaire pour Christian CADET et Jean BUISSET.<\/font><\/td>\n<td><font color=\"0E0C40\">16 h &#8211;  A la cath\u00e9drale,  Meaux : appel d\u00e9cisif des cat\u00e9chum\u00e8nes.<br \/>\n<\/font><\/td>\n<\/tr>\n<\/tbody>\n<\/table>\n<p>La qu\u00eate de ces samedi et dimanche  sera destin\u00e9e \u00e0 l&rsquo;Institut Catholique de Paris.<\/p>\n","protected":false},"excerpt":{"rendered":"<p>Voici les annonces de la semaine du lundi 24 f\u00e9vrier au dimanche 2 mars 2014 pour la paroisse des 3 clochers Cr\u00e9cy-la-Chapelle, Villiers-sur-Morin, Voulangis. Samedi 8 \u00e0\u00a0 18 h 30, messe \u00e0\u00a0 Voulangis, Dimanche&#46;&#46;&#46;<\/p>\n","protected":false},"author":2,"featured_media":0,"comment_status":"open","ping_status":"open","sticky":false,"template":"","format":"standard","meta":{"footnotes":""},"categories":[],"tags":[],"class_list":["post-701","post","type-post","status-publish","format-standard","hentry"],"_links":{"self":[{"href":"http:\/\/www.chapelle-crecy.com\/index.php?rest_route=\/wp\/v2\/posts\/701","targetHints":{"allow":["GET"]}}],"collection":[{"href":"http:\/\/www.chapelle-crecy.com\/index.php?rest_route=\/wp\/v2\/posts"}],"about":[{"href":"http:\/\/www.chapelle-crecy.com\/index.php?rest_route=\/wp\/v2\/types\/post"}],"author":[{"embeddable":true,"href":"http:\/\/www.chapelle-crecy.com\/index.php?rest_route=\/wp\/v2\/users\/2"}],"replies":[{"embeddable":true,"href":"http:\/\/www.chapelle-crecy.com\/index.php?rest_route=%2Fwp%2Fv2%2Fcomments&post=701"}],"version-history":[{"count":0,"href":"http:\/\/www.chapelle-crecy.com\/index.php?rest_route=\/wp\/v2\/posts\/701\/revisions"}],"wp:attachment":[{"href":"http:\/\/www.chapelle-crecy.com\/index.php?rest_route=%2Fwp%2Fv2%2Fmedia&parent=701"}],"wp:term":[{"taxonomy":"category","embeddable":true,"href":"http:\/\/www.chapelle-crecy.com\/index.php?rest_route=%2Fwp%2Fv2%2Fcategories&post=701"},{"taxonomy":"post_tag","embeddable":true,"href":"http:\/\/www.chapelle-crecy.com\/index.php?rest_route=%2Fwp%2Fv2%2Ftags&post=701"}],"curies":[{"name":"wp","href":"https:\/\/api.w.org\/{rel}","templated":true}]}}