{"id":702,"date":"2014-03-05T00:30:49","date_gmt":"2014-03-05T00:30:49","guid":{"rendered":""},"modified":"-0001-11-30T00:00:00","modified_gmt":"-0001-11-29T22:00:00","slug":"","status":"publish","type":"post","link":"http:\/\/www.chapelle-crecy.com\/?p=702","title":{"rendered":"Mercredi 5 mars nous entrons en car\u00eame"},"content":{"rendered":"<div align=\"justify\">\nChers fr\u00e8res et soeurs dans le Christ, <\/p>\n<p>Suite \u00e0\u00a0 la derni\u00e8re r\u00e9union de l&rsquo;\u00e9quipe Missionnaire de P\u00f4le, il a \u00e9t\u00e9 convenu que la priorit\u00e9 est de continuer \u00e0\u00a0 mettre en oeuvre la d\u00e9marche propos\u00e9e par notre \u00e9v\u00eaque pour tout le dioc\u00e8se \u00ab\u00a0MISSION EN ACTES\u00a0\u00bb. <\/p>\n<p>Voici ce qui est propos\u00e9 pour le Car\u00eame prochain dans notre P\u00f4le de Meaux : <\/p>\n<p>A l&rsquo;entr\u00e9e du Car\u00eame le mercredi des Cendres en proximit\u00e9, dans nos secteurs pastoraux, nouvelle pr\u00e9sentation de la d\u00e9marche Mission en Actes en invitant \u00e0\u00a0 un partage de la Parole de Dieu en petites \u00e9quipes (par village ou par quartier), <\/p>\n<p>Pendant le temps du Car\u00eame en proximit\u00e9, dans nos secteurs pastoraux, constitution des \u00e9quipes de partage de la Parole de Dieu. On peut utiliser les fiches du dossier Mission en Actes. Dans chaque \u00e9quipe, un(e) secr\u00e9taire pourra noter et faire un petit compte-rendu de la richesse de ce partage de la Parole de Dieu, <\/p>\n<p>En P\u00f4le, une soir\u00e9e autour de la solidarit\u00e9 avec le CCFD et l&rsquo;accueil d&rsquo;un partenaire venant de R\u00e9publique D\u00e9mocratique du Congo repr\u00e9sentant la Commission \u00e9piscopale \u00ab\u00a0Justice et Paix\u00a0\u00bb qui nous apportera son t\u00e9moignage, le P\u00e8re Cl\u00e9ment (voir la photo du logo ci-jointe).<br \/>\nCette soir\u00e9e aura lieu le vendredi 28 Mars 2014 \u00e0\u00a0 20h30 \u00e0\u00a0 l&rsquo;\u00e9glise Saint Jean Bosco de Meaux, <\/p>\n<p>En P\u00f4le, la Journ\u00e9e du Pardon le samedi 5 Avril de 14h30 \u00e0\u00a0 21h30 \u00e0\u00a0 l&rsquo;\u00e9glise Saint Jean Bosco de Meaux avec quatre temps :<br \/>\n&#8211; Vivre le pardon de 14h30 \u00e0\u00a0 18h,<br \/>\n&#8211; Rendre gr ce \u00e0\u00a0 18h30 dans la c\u00e9l\u00e9bration de la messe,<br \/>\n&#8211; Partager nos exp\u00e9riences de la lecture de la Parole de Dieu apr\u00e8s la messe dans la louange,<br \/>\n&#8211; Convivialit\u00e9 autour d&rsquo;un verre de l&rsquo;amiti\u00e9 et d&rsquo;un repas tir\u00e9 du sac \u00e0\u00a0 partager. <\/p>\n<p>Bonne marche vers P\u00e2ques \u00e0\u00a0 vous ! <\/p>\n<p>Abb\u00e9 Philippe LEGRAND<br \/>\net l&rsquo;\u00e9quipe Missionnaire de P\u00f4le\n<\/p><\/div>\n<div align=\"center\"><img decoding=\"async\" src=\"\/IMG\/jpg\/Careme-dessin.jpg\n\" width=500><\/div>\n<div align=\"center\"><img decoding=\"async\" src=\"\/IMG\/jpg\/Careme1.jpg\n\" width=550><\/div>\n<div align=\"center\"><img decoding=\"async\" src=\"\/IMG\/jpg\/Careme2.jpg\n\" width=550><\/div>\n<p> La liturgie pendant le temps du Car\u00eame<br \/>\nLe Car\u00eame comme mont\u00e9e vers P\u00e2ques demeure un temps privil\u00e9gi\u00e9 de la rencontre de Dieu \u00e0 travers celle de J\u00e9sus. Veuillez noter les dates-cl\u00e9s de ce parcours:<br \/>\n&#8211; Mercredi des Cendres : 5 mars<br \/>\n <span style=\"color:blue;\">un nouveau regard de J\u00e9sus sur l&rsquo;aum\u00f4ne, la pri\u00e8re et le je\u00fbne dans le secret des coeurs et la discr\u00e9tion des attitudes.<\/span><br \/>\n&#8211; 1er dimanche de Car\u00eame : 9 mars<br \/>\n <span style=\"color:blue;\">le regard de J\u00e9sus sur le Mal<\/span><br \/>\n &#8211; du pain \u00e0 la Parole<br \/>\n &#8211; de la tentation sur Dieu au respect de Dieu<br \/>\n &#8211; du pouvoir humain \u00e0 la v\u00e9ritable adoration.<br \/>\n&#8211; 2\u00e8me dimanche de Car\u00eame : 16 mars<br \/>\n <span style=\"color:blue;\">un regard transfigur\u00e9 qui illumine le chemin vers la Croix.<\/span><br \/>\n&#8211; 3\u00e8me dimanche de Car\u00eame : 23 mars<br \/>\n <span style=\"color:blue;\">de la demande \u00e0 la confiance : donne-moi \u00e0 boire\u00e2\u20ac\u00a6 nous savons que c&rsquo;est vraiment Lui le sauveur du monde.<\/span><br \/>\n&#8211; 4\u00e8me dimanche de Car\u00eame : 30 mars<br \/>\n <span style=\"color:blue;\">le regard de J\u00e9sus sur l&rsquo;aveugle de naissance et nos refus de voir la Lumi\u00e8re<\/span><br \/>\n&#8211; 5\u00e8me dimanche de Car\u00eame : 6 avril<br \/>\n <span style=\"color:blue;\">le regard de l&rsquo;Ami vers celui qu&rsquo;il rel\u00e8ve de la mort, Lazare viens dehors !<\/span><\/p>\n<p> Du coeur de la Foi aux p\u00e9riph\u00e9ries de notre humanit\u00e9 : la conversion, le mal, le chemin de lumi\u00e8re, l&rsquo;eau de la vie, un nouveau regard, la vie plus forte que la mort.<br \/>\n Bon chemin vers P\u00e2ques avec le projet du dioc\u00e8se jusque dans nos paroisses p\u00e9riph\u00e9riques : \u00ab Mission en Actes \u00bb avec des regards et des actes pour la Mission.<br \/>\n P\u00e8re Bruno Beltramelli, secteur pastoral d&rsquo;Esbly<\/p>\n","protected":false},"excerpt":{"rendered":"<p>Chers fr\u00e8res et soeurs dans le Christ, Suite \u00e0\u00a0 la derni\u00e8re r\u00e9union de l&rsquo;\u00e9quipe Missionnaire de P\u00f4le, il a \u00e9t\u00e9 convenu que la priorit\u00e9 est de continuer \u00e0\u00a0 mettre en oeuvre la d\u00e9marche propos\u00e9e&#46;&#46;&#46;<\/p>\n","protected":false},"author":2,"featured_media":0,"comment_status":"open","ping_status":"open","sticky":false,"template":"","format":"standard","meta":{"footnotes":""},"categories":[],"tags":[],"class_list":["post-702","post","type-post","status-publish","format-standard","hentry"],"_links":{"self":[{"href":"http:\/\/www.chapelle-crecy.com\/index.php?rest_route=\/wp\/v2\/posts\/702","targetHints":{"allow":["GET"]}}],"collection":[{"href":"http:\/\/www.chapelle-crecy.com\/index.php?rest_route=\/wp\/v2\/posts"}],"about":[{"href":"http:\/\/www.chapelle-crecy.com\/index.php?rest_route=\/wp\/v2\/types\/post"}],"author":[{"embeddable":true,"href":"http:\/\/www.chapelle-crecy.com\/index.php?rest_route=\/wp\/v2\/users\/2"}],"replies":[{"embeddable":true,"href":"http:\/\/www.chapelle-crecy.com\/index.php?rest_route=%2Fwp%2Fv2%2Fcomments&post=702"}],"version-history":[{"count":0,"href":"http:\/\/www.chapelle-crecy.com\/index.php?rest_route=\/wp\/v2\/posts\/702\/revisions"}],"wp:attachment":[{"href":"http:\/\/www.chapelle-crecy.com\/index.php?rest_route=%2Fwp%2Fv2%2Fmedia&parent=702"}],"wp:term":[{"taxonomy":"category","embeddable":true,"href":"http:\/\/www.chapelle-crecy.com\/index.php?rest_route=%2Fwp%2Fv2%2Fcategories&post=702"},{"taxonomy":"post_tag","embeddable":true,"href":"http:\/\/www.chapelle-crecy.com\/index.php?rest_route=%2Fwp%2Fv2%2Ftags&post=702"}],"curies":[{"name":"wp","href":"https:\/\/api.w.org\/{rel}","templated":true}]}}