{"id":703,"date":"2014-03-09T20:32:13","date_gmt":"2014-03-09T20:32:13","guid":{"rendered":""},"modified":"-0001-11-30T00:00:00","modified_gmt":"-0001-11-29T22:00:00","slug":"","status":"publish","type":"post","link":"http:\/\/www.chapelle-crecy.com\/?p=703","title":{"rendered":"Concert du 16 mars 2014 Eglise Saint Jean Baptiste de Neuilly-sur-Seine"},"content":{"rendered":"<div align=\"justify\">Le Temps de car\u00eame est form\u00e9 par les 40 jours qui pr\u00e9c\u00e8dent la r\u00e9surrection du Christ . Il constitue un temps fort de la liturgie catholique. De tout temps, les artistes ont puis\u00e9 dans la foi catholique une inspiration qui nous a laiss\u00e9 un nombre incroyable de chefs-d&rsquo;oeuvre et le drame du calvaire a \u00e9t\u00e9 particuli\u00e8rement propice \u00e0\u00a0 l&rsquo;\u00e9closion de tr\u00e8s nombreuses et magnifiques \u00e9vocations.\n<\/div>\n<p>La Passion du Christ est \u00e0 situer dans une longue tradition artistique, d&rsquo;inspiration franciscaine, les peintres tels que Bosch et Gr\u00c3\u00bcnewald traduisent dans leurs oeuvres la souffrance de l&rsquo;homme-Dieu et exprime la haine et la m\u00e9chancet\u00e9 du monde qui font de lui l&rsquo;Ecce Homo li\u00e9, flagell\u00e9, couronn\u00e9 d&rsquo;\u00e9pines que Ponce Pilate pr\u00e9sente \u00e0 la foule et que nous d\u00e9couvrons dans les peintures de Mantegna, J\u00e9r\u00f4me Bosch, dans les gravures de D\u00c3\u00bcrer et chez bien d&rsquo;autres artistes. <\/p>\n<p> C&rsquo;est par de magnifiques sonorit\u00e9s que le r\u00e9pertoire musical europ\u00e9en exprime cette m\u00eame souffrance. Dans le programme de ce concert, le Crucifixus du Credo (RV.591) de Vivaldi nous fera revivre la Passion du Christ ainsi que le choeur Weinen, klagen, sorgen, zagen (Cantate BWV 12) de J.S. Bach : \u00ab Larmes, plaintes, soucis, craintes, deuil et mort, voil\u00e0 \u00f4 chr\u00e9tien, voil\u00e0, ton sort \u00bb nous fera pleurer sur le triste sort de notre humanit\u00e9.<\/p>\n<p> Le Christus factus est de Bruckner nous retrace en un court raccourci le destin du Christ n\u00e9 pour nous sauver, ob\u00e9issant jusqu&rsquo;\u00e0 la mort, mais ne nous laisse pas sans espoir car \u00ab Deus exaltavit illum \u00bb (Dieu l&rsquo;a glorifi\u00e9). L&rsquo;esp\u00e9rance peut donc habiter le coeur de l&rsquo;homme, tout n&rsquo;est pas perdu pour l&rsquo;humanit\u00e9.<\/p>\n<div align=\"center\">\n Reposez en paix, saints ossements, sur qui maintenant je ne pleure plus ;<br \/>\n Reposez en paix et menez-moi aussi vers le repos.<br \/>\n Le tombeau, tel qu&rsquo;il vous est destin\u00e9 et qui en outre n&rsquo;enserre aucune d\u00e9tresse,<br \/>\n m&rsquo;ouvre le ciel et ferme les enfers.<\/div>\n<p> (Ruht wohl , Passion selon Saint Jean, J.S. Bach).        <\/p>\n<p> C&rsquo;est sur la perspective du triomphe de la r\u00e9surrection, que nous apporte cette derni\u00e8re phrase (m&rsquo;ouvre le ciel et ferme les enfers), que s&rsquo;ach\u00e8vera ce concert du 16 mars 2014 et, l\u00e0 encore, la tradition artistique, aussi bien picturale que musicale, ne nous laissera pas sans de nombreux chefs-d&rsquo;oeuvre lorsque le temps liturgique permettra de faire \u00e9clater le triomphe de la r\u00e9surrection du Christ et, par la m\u00eame occasion, l&rsquo;espoir de la n\u00f4tre ; mais ce sera pour d&rsquo;autres concerts\u00e2\u20ac\u00a6<\/p>\n<p> Cliquez sur la photo ci-dessous pour \u00e9couter un extrait du concert:<\/p>\n<div align=\"center\"><a href=\"\/IMG\/mp3\/Extrait_Crucifixus_Vivaldi.mp3\"><img decoding=\"async\" src=\"\/IMG\/jpg\/concert-anguelos.jpg\n\" width=500><\/a><\/div>\n<p> et retrouvez le flyer annon\u00e7ant ce superbe concert \u00e0 ne manquer sous aucun pr\u00e9texte !<\/p>\n<div align=\"center\"><img decoding=\"async\" src=\"\/IMG\/jpg\/Concert_16_mars_2014_Flyer.jpg\n\" width=500><\/div>\n<p> Les coordonn\u00e9es pour contacter l&rsquo;association Anguelos:<br \/>\n E-mail: anguelos@free.fr<br \/>\n site: [www.anguelos.fr->www.anguelos.fr]<br \/>\n T\u00e9l : 01 60 04 11 89<\/p>\n","protected":false},"excerpt":{"rendered":"<p>Le Temps de car\u00eame est form\u00e9 par les 40 jours qui pr\u00e9c\u00e8dent la r\u00e9surrection du Christ . Il constitue un temps fort de la liturgie catholique. De tout temps, les artistes ont puis\u00e9 dans&#46;&#46;&#46;<\/p>\n","protected":false},"author":2,"featured_media":0,"comment_status":"open","ping_status":"open","sticky":false,"template":"","format":"standard","meta":{"footnotes":""},"categories":[],"tags":[],"class_list":["post-703","post","type-post","status-publish","format-standard","hentry"],"_links":{"self":[{"href":"http:\/\/www.chapelle-crecy.com\/index.php?rest_route=\/wp\/v2\/posts\/703","targetHints":{"allow":["GET"]}}],"collection":[{"href":"http:\/\/www.chapelle-crecy.com\/index.php?rest_route=\/wp\/v2\/posts"}],"about":[{"href":"http:\/\/www.chapelle-crecy.com\/index.php?rest_route=\/wp\/v2\/types\/post"}],"author":[{"embeddable":true,"href":"http:\/\/www.chapelle-crecy.com\/index.php?rest_route=\/wp\/v2\/users\/2"}],"replies":[{"embeddable":true,"href":"http:\/\/www.chapelle-crecy.com\/index.php?rest_route=%2Fwp%2Fv2%2Fcomments&post=703"}],"version-history":[{"count":0,"href":"http:\/\/www.chapelle-crecy.com\/index.php?rest_route=\/wp\/v2\/posts\/703\/revisions"}],"wp:attachment":[{"href":"http:\/\/www.chapelle-crecy.com\/index.php?rest_route=%2Fwp%2Fv2%2Fmedia&parent=703"}],"wp:term":[{"taxonomy":"category","embeddable":true,"href":"http:\/\/www.chapelle-crecy.com\/index.php?rest_route=%2Fwp%2Fv2%2Fcategories&post=703"},{"taxonomy":"post_tag","embeddable":true,"href":"http:\/\/www.chapelle-crecy.com\/index.php?rest_route=%2Fwp%2Fv2%2Ftags&post=703"}],"curies":[{"name":"wp","href":"https:\/\/api.w.org\/{rel}","templated":true}]}}