{"id":704,"date":"2014-03-09T14:06:00","date_gmt":"2014-03-09T14:06:00","guid":{"rendered":""},"modified":"-0001-11-30T00:00:00","modified_gmt":"-0001-11-29T22:00:00","slug":"","status":"publish","type":"post","link":"http:\/\/www.chapelle-crecy.com\/?p=704","title":{"rendered":"Annonces de la semaine du 10 au 16 mars 2014"},"content":{"rendered":"<table bgcolor =\"F0FAFF\" border=0>\n<tbody>\n<tr>\n<td>\n<div align=\"justify\">\n<div \"646\">Voici les annonces de la semaine du lundi 10 au dimanche 16 mars 2014 pour la paroisse des 3 clochers Cr\u00e9cy-la-Chapelle, Villiers-sur-Morin, Voulangis. <br \/>\nSamedi 15 \u00e0\u00a0 18 h 30, messe \u00e0\u00a0 Villiers,<br \/>\nDimanche 16 \u00e0\u00a0 10 h 30, messe \u00e0\u00a0 Cr\u00e9cy.<br \/>\nTous les d\u00e9tails dans la suite &#8230;<\/div>\n<\/div>\n<\/td>\n<\/tr>\n<\/tbody>\n<\/table>\n<table bgcolor =\"F0F6FF\" border=0>\n<tbody>\n<tr>\n<td width=\"25%\"><font color=\"00CC00\">Lundi 10 mars<\/font><\/td>\n<td><font color=\"00CC00\"><\/p>\n<div align=\"center\"><img decoding=\"async\" src=\"\/IMG\/jpg\/MR_Crecy_2.jpg\" width=150><\/div>\n<p><\/font><\/td>\n<td><font color=\"00CC00\">17 h  Messe \u00e0 la Maison de Retraite pour les Ames du Purgatoire.<\/font><\/td>\n<\/tr>\n<tr>\n<td width=\"25%\"><font color=\"0020FF\">Mardi 11 mars<\/font><\/td>\n<td><font color=\"0020FF\">9 h &#8211; Messe \u00e0 Cr\u00e9cy pour  Germaine et Marie-Th\u00e9r\u00e8se VERNILLET.<\/font><\/td>\n<td><font color=\"0020FF\"><\/p>\n<div align=\"center\"><img decoding=\"async\" src=\"\/IMG\/lieux\/stgeorges09.jpg\"  width=150><\/div>\n<p><\/font><\/td>\n<\/tr>\n<tr>\n<td width=\"25%\"><font color=\"0E0C40\">Jeudi 13 mars<\/font><\/td>\n<td><font color=\"0E0C40\">9 h &#8211; Messe \u00e0 Cr\u00e9cy pour  Christian CAILLOT et Jean-Yves LAIGROZ.<\/font><\/td>\n<td><font color=\"0E0C40\">20h 30 &#8211; R\u00e9p\u00e9tition de chants \u00e0 l&rsquo;\u00e9glise de Cr\u00e9cy.<\/font><\/td>\n<\/tr>\n<tr>\n<td width=\"25%\"><font color=\"00CC00\">Vendredi 14 mars<\/font><\/td>\n<td><font color=\"00CC00\">9 h &#8211; Messe \u00e0 Cr\u00e9cy pour Simone GIGOT et Ghislaine DEBRABANDER.\n<\/td>\n<td><font color=\"00CC00\">20 h  R\u00e9union de Pr\u00e9paration au Mariage \u00e0 la salle paroissiale.<\/font><\/td>\n<\/tr>\n<tr>\n<td width=\"25%\"><font color=\"0020FF\">Samedi 15 mars<\/font><\/td>\n<td><font color=\"0020FF\"><\/p>\n<div align=\"center\"><img decoding=\"async\" src=\"\/IMG\/lieux\/villiers_eglise2.jpg\"  width=150><\/div>\n<p><\/font><\/td>\n<td><font color=\"0020FF\">18 h 30 &#8211; Messe \u00e0 Villiers pour Claudine AVANZINI et Ginette DUPONT.<\/font><\/td>\n<\/tr>\n<tr>\n<td><font color=\"0E0C40\">Dimanche 16 mars<br \/>\n<i>2\u00e8me Dimanche de Car\u00eame<\/i><\/font><\/td>\n<td><font color=\"0E0C40\">10 h 30 &#8211; Messe \u00e0 Cr\u00e9cy pour Jean ROSIER et Andr\u00e9 CHAMPIN.<\/font><\/td>\n<td><font color=\"0E0C40\"><\/p>\n<div align=\"center\"><img decoding=\"async\" src=\"\/IMG\/lieux\/stgeorges04.jpg\"  width=150><\/div>\n<p><\/font><\/td>\n<\/tr>\n<\/tbody>\n<\/table>\n","protected":false},"excerpt":{"rendered":"<p>Voici les annonces de la semaine du lundi 10 au dimanche 16 mars 2014 pour la paroisse des 3 clochers Cr\u00e9cy-la-Chapelle, Villiers-sur-Morin, Voulangis. Samedi 15 \u00e0\u00a0 18 h 30, messe \u00e0\u00a0 Villiers, Dimanche 16&#46;&#46;&#46;<\/p>\n","protected":false},"author":2,"featured_media":0,"comment_status":"open","ping_status":"open","sticky":false,"template":"","format":"standard","meta":{"footnotes":""},"categories":[],"tags":[],"class_list":["post-704","post","type-post","status-publish","format-standard","hentry"],"_links":{"self":[{"href":"http:\/\/www.chapelle-crecy.com\/index.php?rest_route=\/wp\/v2\/posts\/704","targetHints":{"allow":["GET"]}}],"collection":[{"href":"http:\/\/www.chapelle-crecy.com\/index.php?rest_route=\/wp\/v2\/posts"}],"about":[{"href":"http:\/\/www.chapelle-crecy.com\/index.php?rest_route=\/wp\/v2\/types\/post"}],"author":[{"embeddable":true,"href":"http:\/\/www.chapelle-crecy.com\/index.php?rest_route=\/wp\/v2\/users\/2"}],"replies":[{"embeddable":true,"href":"http:\/\/www.chapelle-crecy.com\/index.php?rest_route=%2Fwp%2Fv2%2Fcomments&post=704"}],"version-history":[{"count":0,"href":"http:\/\/www.chapelle-crecy.com\/index.php?rest_route=\/wp\/v2\/posts\/704\/revisions"}],"wp:attachment":[{"href":"http:\/\/www.chapelle-crecy.com\/index.php?rest_route=%2Fwp%2Fv2%2Fmedia&parent=704"}],"wp:term":[{"taxonomy":"category","embeddable":true,"href":"http:\/\/www.chapelle-crecy.com\/index.php?rest_route=%2Fwp%2Fv2%2Fcategories&post=704"},{"taxonomy":"post_tag","embeddable":true,"href":"http:\/\/www.chapelle-crecy.com\/index.php?rest_route=%2Fwp%2Fv2%2Ftags&post=704"}],"curies":[{"name":"wp","href":"https:\/\/api.w.org\/{rel}","templated":true}]}}