{"id":705,"date":"2014-03-08T12:09:24","date_gmt":"2014-03-08T12:09:24","guid":{"rendered":""},"modified":"-0001-11-30T00:00:00","modified_gmt":"-0001-11-29T22:00:00","slug":"","status":"publish","type":"post","link":"http:\/\/www.chapelle-crecy.com\/?p=705","title":{"rendered":"\u00ab\u00a0J\u00e9sus apr\u00e8s son bapt\u00eame fut conduit au d\u00e9sert par l&rsquo;Esprit &#8230;\u00a0\u00bb"},"content":{"rendered":"<div align=\"justify\">\n<div align=\"center\"><img decoding=\"async\" src=\"\/IMG\/jpg\/1careme2014.jpg\n\" width=400><\/div>\n<p>Retrouvez, chaque jour, sur le site tr\u00e8s beau des dominicains de Lille, [http:\/\/www.retraitedanslaville.org\/->http:\/\/www.retraitedanslaville.org\/], la possibilit\u00e9 de \u00ab\u00a0vivre un car\u00eame unique\u00a0\u00bb \u00e0\u00a0 l&rsquo;aide des moyens modernes que propose Internet: \u00ab\u00a0une m\u00e9ditation et un temps de pri\u00e8re quotidiens, en compagnie de plus de 50 000 retraitants\u00a0\u00bb.\n<\/p><\/div>\n<div align=\"justify\">\n Evangile de J\u00e9sus Christ selon saint Matthieu 4,1-11.<\/p>\n<p> J\u00e9sus, apr\u00e8s son bapt\u00eame, fut conduit au d\u00e9sert par l&rsquo;Esprit pour \u00eatre tent\u00e9 par le d\u00e9mon.<br \/>\nApr\u00e8s avoir je\u00fbn\u00e9 quarante jours et quarante nuits, il eut faim.<br \/>\nLe tentateur s&rsquo;approcha et lui dit : \u00ab Si tu es le Fils de Dieu, ordonne que ces pierres deviennent des pains. \u00bb<br \/>\n Mais J\u00e9sus r\u00e9pondit : \u00ab Il est \u00e9crit : Ce n&rsquo;est pas seulement de pain que l&rsquo;homme doit vivre, mais de toute parole qui sort de la bouche de Dieu. \u00bb<br \/>\nAlors le d\u00e9mon l&#8217;emm\u00e8ne \u00e0 la ville sainte, \u00e0 J\u00e9rusalem, le place au sommet du Temple<br \/>\net lui dit : \u00ab Si tu es le Fils de Dieu, jette-toi en bas ; car il est \u00e9crit : Il donnera pour toi des ordres \u00e0 ses anges, et : Ils te porteront sur leurs mains, de peur que ton pied ne heurte une pierre. \u00bb<br \/>\n J\u00e9sus lui d\u00e9clara : \u00ab Il est encore \u00e9crit : Tu ne mettras pas \u00e0 l&rsquo;\u00e9preuve le Seigneur ton Dieu. \u00bb<br \/>\nLe d\u00e9mon l&#8217;emm\u00e8ne encore sur une tr\u00e8s haute montagne et lui fait voir tous les royaumes du monde avec leur gloire.<br \/>\nIl lui dit : \u00ab Tout cela, je te le donnerai, si tu te prosternes pour m&rsquo;adorer. \u00bb<br \/>\n Alors, J\u00e9sus lui dit : \u00ab Arri\u00e8re, Satan ! car il est \u00e9crit : C&rsquo;est devant le Seigneur ton Dieu que tu te prosterneras, et c&rsquo;est lui seul que tu adoreras. \u00bb<br \/>\nAlors le d\u00e9mon le quitte. Voici que des anges s&rsquo;approch\u00e8rent de lui, et ils le servaient. <\/p>\n<div align=\"center\"><img decoding=\"async\" src=\"\/IMG\/jpg\/1Careme2014ter.jpg\n\" width=400><\/div>\n<div align=\"center\">Pri\u00e8re universelle de ce dimanche 09 mars 2014<\/div>\n<p> R\/ DANS TA MISERICORDE SEIGNEUR, ECOUTE-NOUS !<\/p>\n<p> Pour tous ceux et celles qui entreprennent le chemin du Car\u00eame dans la foi et dans la joie, qu&rsquo;ils puissent vivre un v\u00e9ritable retournement int\u00e9rieur et avancer r\u00e9solument sur le chemin de l&rsquo;Evangile, Seigneur, nous te prions.<\/p>\n<p> Pour tous les 80 JEUNES et 120 ADULTES cat\u00e9chum\u00e8nes appel\u00e9s ce week-end par notre \u00e9v\u00eaque et qui seront baptis\u00e9s \u00e0 P\u00e2ques cette ann\u00e9e, qu&rsquo;ils soient toujours soutenus et guid\u00e9s par les plus anciens et qu&rsquo;ils d\u00e9couvrent la joie d&rsquo;\u00eatre enfants de Dieu au milieu du monde, Seigneur, nous te prions.<\/p>\n<p> Pour nous tous, que nous soyons en ce temps de Car\u00eame, vraiment centr\u00e9s sur ta Parole, sur toi, Seigneur; donne-nous la gr\u00e2ce de comprendre que ce temps de d\u00e9sert nous rendra plus forts contre la tentation, nous t&rsquo;en prions.<\/p>\n<p> Pour tous les b\u00e9n\u00e9voles qui font que ce monde est source de joies et d&rsquo;esp\u00e9rance, nous te prions de les soutenir de ta gr\u00e2ce, mets-en nous l&rsquo;esprit de service et de fraternit\u00e9, nous t&rsquo;en prions, Seigneur.<\/p>\n<\/div>\n","protected":false},"excerpt":{"rendered":"<p>Retrouvez, chaque jour, sur le site tr\u00e8s beau des dominicains de Lille, [http:\/\/www.retraitedanslaville.org\/->http:\/\/www.retraitedanslaville.org\/], la possibilit\u00e9 de \u00ab\u00a0vivre un car\u00eame unique\u00a0\u00bb \u00e0\u00a0 l&rsquo;aide des moyens modernes que propose Internet: \u00ab\u00a0une m\u00e9ditation et un temps de&#46;&#46;&#46;<\/p>\n","protected":false},"author":2,"featured_media":0,"comment_status":"open","ping_status":"open","sticky":false,"template":"","format":"standard","meta":{"footnotes":""},"categories":[],"tags":[],"class_list":["post-705","post","type-post","status-publish","format-standard","hentry"],"_links":{"self":[{"href":"http:\/\/www.chapelle-crecy.com\/index.php?rest_route=\/wp\/v2\/posts\/705","targetHints":{"allow":["GET"]}}],"collection":[{"href":"http:\/\/www.chapelle-crecy.com\/index.php?rest_route=\/wp\/v2\/posts"}],"about":[{"href":"http:\/\/www.chapelle-crecy.com\/index.php?rest_route=\/wp\/v2\/types\/post"}],"author":[{"embeddable":true,"href":"http:\/\/www.chapelle-crecy.com\/index.php?rest_route=\/wp\/v2\/users\/2"}],"replies":[{"embeddable":true,"href":"http:\/\/www.chapelle-crecy.com\/index.php?rest_route=%2Fwp%2Fv2%2Fcomments&post=705"}],"version-history":[{"count":0,"href":"http:\/\/www.chapelle-crecy.com\/index.php?rest_route=\/wp\/v2\/posts\/705\/revisions"}],"wp:attachment":[{"href":"http:\/\/www.chapelle-crecy.com\/index.php?rest_route=%2Fwp%2Fv2%2Fmedia&parent=705"}],"wp:term":[{"taxonomy":"category","embeddable":true,"href":"http:\/\/www.chapelle-crecy.com\/index.php?rest_route=%2Fwp%2Fv2%2Fcategories&post=705"},{"taxonomy":"post_tag","embeddable":true,"href":"http:\/\/www.chapelle-crecy.com\/index.php?rest_route=%2Fwp%2Fv2%2Ftags&post=705"}],"curies":[{"name":"wp","href":"https:\/\/api.w.org\/{rel}","templated":true}]}}