{"id":708,"date":"2014-03-11T09:53:00","date_gmt":"2014-03-11T09:53:00","guid":{"rendered":""},"modified":"-0001-11-30T00:00:00","modified_gmt":"-0001-11-29T22:00:00","slug":"","status":"publish","type":"post","link":"http:\/\/www.chapelle-crecy.com\/?p=708","title":{"rendered":"Monique OLLIER responsable dioc\u00e9saine du MEJ et hospitali\u00e8re nous a quitt\u00e9s"},"content":{"rendered":"<div align=\"justify\">Madame Monique OLLIER est d\u00e9c\u00e9d\u00e9e ce mardi 11 mars, des suites d&rsquo;une longue et difficile intervention chirurgicale. Elle avait 83 ans.<\/p>\n<p>Monique OLLIER a \u00e9t\u00e9 responsable dioc\u00e9saine du MEJ entre les ann\u00e9es 1970 et 1985.<br \/>\nElle a install\u00e9 et anim\u00e9 le MEJ dans le dioc\u00e8se de Meaux avec un tr\u00e8s grand d\u00e9vouement, beaucoup de courage et d&rsquo;enthousiasme pour l&rsquo;annonce de l&rsquo;\u00e9vangile aupr\u00e8s des jeunes.<br \/>\nElle a \u00e9t\u00e9 responsable d&rsquo;\u00e9quipes JT, TA, ES et EA.<br \/>\nLa messe d&rsquo;obs\u00e8ques aura lieu le mardi 12 mars 2014, \u00e0\u00a0 10 heures, \u00e0\u00a0 la cath\u00e9drale Saint-Etienne de Meaux\n<\/p><\/div>\n<p>Beaucoup de jeunes et de responsables de ces ann\u00e9es-l\u00e0 ont \u00e9t\u00e9 marqu\u00e9 par sa foi vivante et son ardeur apostolique.<br \/>\nTr\u00e8s proche de la spiritualit\u00e9 ignatienne, elle a toujours su aider les jeunes \u00e0 grandir dans la foi et \u00e0 discerner la pr\u00e9sence de Dieu dans leur vie par la connaissance des Evangiles, la pri\u00e8re, la relecture de la vie et l&rsquo;Eucharistie.<\/p>\n<p> Les jeunes et les responsables du MEJ 77 d&rsquo;aujourd&rsquo;hui peuvent sans aucun doute compter sur sa pri\u00e8re pour marcher vers J\u00e9sus-Christ dans la joie de la foi, du t\u00e9moignage et du service.<\/p>\n<p> Par ailleurs, Monique a \u00e9t\u00e9 une hospitali\u00e8re d\u00e9vou\u00e9e et discr\u00e8te pendant 31 ans. Elle a accompagn\u00e9 les malades en p\u00e8lerinage \u00e0 Lourdes jusqu&rsquo;en juillet 2012. Et nous garderons tous le souvenir d&rsquo;une personne charmante et souriante. En plus de sa responsabilit\u00e9 du Mouvement Eucharistique des Jeunes, elle a \u00e9t\u00e9 \u00e9galement en charge de l&rsquo;Association des Parents de Pr\u00eatres et de Religieuses. Elle \u00e9tait tr\u00e8s impliqu\u00e9e dans le Service Evang\u00e9lique des malades et les \u00e9quipes du Rosaire.<\/p>\n<p> Nous nous unissons dans la pri\u00e8re avec Notre Dame de Lourdes pour Madame Ollier et sa famille. <\/p>\n","protected":false},"excerpt":{"rendered":"<p>Madame Monique OLLIER est d\u00e9c\u00e9d\u00e9e ce mardi 11 mars, des suites d&rsquo;une longue et difficile intervention chirurgicale. Elle avait 83 ans. Monique OLLIER a \u00e9t\u00e9 responsable dioc\u00e9saine du MEJ entre les ann\u00e9es 1970 et&#46;&#46;&#46;<\/p>\n","protected":false},"author":2,"featured_media":0,"comment_status":"open","ping_status":"open","sticky":false,"template":"","format":"standard","meta":{"footnotes":""},"categories":[],"tags":[],"class_list":["post-708","post","type-post","status-publish","format-standard","hentry"],"_links":{"self":[{"href":"http:\/\/www.chapelle-crecy.com\/index.php?rest_route=\/wp\/v2\/posts\/708","targetHints":{"allow":["GET"]}}],"collection":[{"href":"http:\/\/www.chapelle-crecy.com\/index.php?rest_route=\/wp\/v2\/posts"}],"about":[{"href":"http:\/\/www.chapelle-crecy.com\/index.php?rest_route=\/wp\/v2\/types\/post"}],"author":[{"embeddable":true,"href":"http:\/\/www.chapelle-crecy.com\/index.php?rest_route=\/wp\/v2\/users\/2"}],"replies":[{"embeddable":true,"href":"http:\/\/www.chapelle-crecy.com\/index.php?rest_route=%2Fwp%2Fv2%2Fcomments&post=708"}],"version-history":[{"count":0,"href":"http:\/\/www.chapelle-crecy.com\/index.php?rest_route=\/wp\/v2\/posts\/708\/revisions"}],"wp:attachment":[{"href":"http:\/\/www.chapelle-crecy.com\/index.php?rest_route=%2Fwp%2Fv2%2Fmedia&parent=708"}],"wp:term":[{"taxonomy":"category","embeddable":true,"href":"http:\/\/www.chapelle-crecy.com\/index.php?rest_route=%2Fwp%2Fv2%2Fcategories&post=708"},{"taxonomy":"post_tag","embeddable":true,"href":"http:\/\/www.chapelle-crecy.com\/index.php?rest_route=%2Fwp%2Fv2%2Ftags&post=708"}],"curies":[{"name":"wp","href":"https:\/\/api.w.org\/{rel}","templated":true}]}}