{"id":709,"date":"2014-03-21T01:02:35","date_gmt":"2014-03-21T01:02:35","guid":{"rendered":""},"modified":"-0001-11-30T00:00:00","modified_gmt":"-0001-11-29T22:00:00","slug":"","status":"publish","type":"post","link":"http:\/\/www.chapelle-crecy.com\/?p=709","title":{"rendered":"Caf\u00e9-deuil une nouvelle activit\u00e9 du Secours Catholique de Cr\u00e9cy"},"content":{"rendered":"<div align=justify\">Votre vie est boulevers\u00e9e par la perte d&rsquo;un \u00eatre cher ?<br \/>\nVos amis, votre famille vous ont entour\u00e9 et ont repris leurs obligations.<br \/>\nPour vous aussi la vie continue, mais la charge reste tr\u00e8s lourde \u00e0\u00a0 porter&#8230;<br \/>\nNous pouvons vous aider \u00e0\u00a0 porter votre fardeau, ne restez pas seul !<\/p>\n<div align=\"center\"><img decoding=\"async\" src=\"\/IMG\/jpg\/caritas.jpg\n\" width=150><\/div>\n<p>Nous vous accueillons en toute convivialit\u00e9, le dernier vendredi de chaque mois, de 20h30 \u00e0\u00a0 22h30<br \/>\n8 Quai des Tanneries &#8211; 77580 Cr\u00e9cy la Chapelle<br \/>\nLocal du Club de l&rsquo;Amiti\u00e9, pr\u00eat\u00e9 par la commune<br \/>\nCaf\u00e9 Deuil 77 &#8211; 06.30.42.34.58 &#8211; cafedeuil77@orange.fr<br \/>\nL&rsquo;\u00e9quipe b\u00e9n\u00e9vole du Caf\u00e9 Deuil 77 est partenaire du Secours Catholique<\/p><\/div>\n","protected":false},"excerpt":{"rendered":"","protected":false},"author":2,"featured_media":0,"comment_status":"open","ping_status":"open","sticky":false,"template":"","format":"standard","meta":{"footnotes":""},"categories":[],"tags":[],"class_list":["post-709","post","type-post","status-publish","format-standard","hentry"],"_links":{"self":[{"href":"http:\/\/www.chapelle-crecy.com\/index.php?rest_route=\/wp\/v2\/posts\/709","targetHints":{"allow":["GET"]}}],"collection":[{"href":"http:\/\/www.chapelle-crecy.com\/index.php?rest_route=\/wp\/v2\/posts"}],"about":[{"href":"http:\/\/www.chapelle-crecy.com\/index.php?rest_route=\/wp\/v2\/types\/post"}],"author":[{"embeddable":true,"href":"http:\/\/www.chapelle-crecy.com\/index.php?rest_route=\/wp\/v2\/users\/2"}],"replies":[{"embeddable":true,"href":"http:\/\/www.chapelle-crecy.com\/index.php?rest_route=%2Fwp%2Fv2%2Fcomments&post=709"}],"version-history":[{"count":0,"href":"http:\/\/www.chapelle-crecy.com\/index.php?rest_route=\/wp\/v2\/posts\/709\/revisions"}],"wp:attachment":[{"href":"http:\/\/www.chapelle-crecy.com\/index.php?rest_route=%2Fwp%2Fv2%2Fmedia&parent=709"}],"wp:term":[{"taxonomy":"category","embeddable":true,"href":"http:\/\/www.chapelle-crecy.com\/index.php?rest_route=%2Fwp%2Fv2%2Fcategories&post=709"},{"taxonomy":"post_tag","embeddable":true,"href":"http:\/\/www.chapelle-crecy.com\/index.php?rest_route=%2Fwp%2Fv2%2Ftags&post=709"}],"curies":[{"name":"wp","href":"https:\/\/api.w.org\/{rel}","templated":true}]}}