{"id":712,"date":"2014-04-13T22:53:34","date_gmt":"2014-04-13T22:53:34","guid":{"rendered":""},"modified":"-0001-11-30T00:00:00","modified_gmt":"-0001-11-29T22:00:00","slug":"","status":"publish","type":"post","link":"http:\/\/www.chapelle-crecy.com\/?p=712","title":{"rendered":"Suivons nos jeunes en direct du FRAT 2014 \u00e0\u00a0 Lourdes"},"content":{"rendered":"<div align=\"justify\">La messe des Rameaux de ce dimanche 13 avril, \u00e0\u00a0 la basilique souterraine Saint Pie X, pr\u00e9sid\u00e9e par Mgr Daucourt, \u00e9v\u00eaque de Nanterre s&rsquo;est termin\u00e9e \u00e0\u00a0 23h00 sous un tonnerre d&rsquo;applaudissements des jeunes franciliens. L&rsquo;assembl\u00e9e compos\u00e9e de milliers de jeunes \u00e9tait tr\u00e8s recueillie pendant la repr\u00e9sentation des tableaux vivants de la Passion de notre Seigneur J\u00e9sus-Christ et plus en \u00e9tat de liesse au cours des nombreuses reprises du groupe \u00ab\u00a0Sentinelles\u00a0\u00bb.\n<\/div>\n<div align=\"center\"><img decoding=\"async\" src=\"\/IMG\/jpg\/frat77.jpg\n\" width=450><\/div>\n<div align=\"center\">Christophe Tran, au milieu des frateux, avec son chapeau mexicain en guise de parasol !<\/div>\n<p> Revivez le t\u00e9moignage \u00e9mouvant de Christophe au cours du sacrement des malades en cliquant sur ce lien:<br \/>\n [Sacrement des malades->https:\/\/www.youtube.com\/watch?v=K7XjISSLpuY&#038;hd=1]<br \/>\n Suivez les principaux moments du FRATERNEL de dimanche 13 au mercredi 16 avril, en direct, en cliquant sur: [TV Lourdes->http:\/\/fr.lourdes-france.org\/tv-lourdes\/].<br \/>\n Vous pouvez aussi revisionner des vid\u00e9os comme \u00ab\u00a0Frat 2014 : les jeunes se recueillent \u00e0 la Grotte de Lourdes dimanche matin 13 avril \u00e2\u20ac\u00a6\u00a0\u00bb en cliquant sur [frat-replay->http:\/\/fr.lourdes-france.org\/presta\/frat\/]<br \/>\nAu programme de ce Lundi 14 avril :<br \/>\n 7h30 : messe en fran\u00e7ais<br \/>\n 14h20 : FRAT 2014 : lavement des pieds et r\u00e9conciliation<br \/>\n 21h00 : procession mariale<br \/>\n 23h30 : adoration eucharistique<br \/>\n N&rsquo;h\u00e9sitez pas \u00e0 nous envoyer vos intentions de pri\u00e8res que nos jeunes se feront un plaisir de d\u00e9poser au pied de la grotte de Massabielle.<\/p>\n<div align=\"center\"><img decoding=\"async\" src=\"\/IMG\/jpg\/frateux.jpg\n\" width=250><\/div>\n<div align=\"center\"><img decoding=\"async\" src=\"\/IMG\/jpg\/manou.jpg\n\" width=250><\/div>\n<div align=\"center\">une frateuse<\/div>\n<p> Au programme de ce Mardi 15 avril :<br \/>\n 8h50 : sacrement des malades<br \/>\n 15h30 : chapelet<br \/>\n 21h00 : veill\u00e9e de louanges<br \/>\n Aujourd&rsquo;hui Mercredi 16 avril : \u00e0 10h20, messe d&rsquo;envoi<\/p>\n<p> Retrouvez dans la suite de l&rsquo;article quelques figures connues de notre dioc\u00e8se dans notre album-photo &#8230;<br \/>\n Le th\u00e8me de la journ\u00e9e de ce lundi 14 avril \u00e9tait la r\u00e9conciliation:<\/p>\n<div align=\"center\"><img decoding=\"async\" src=\"\/IMG\/jpg\/fautes.jpg\n\" width=350><\/div>\n<div align=\"center\"><img decoding=\"async\" src=\"\/IMG\/jpg\/Nahmias.jpg\n\" width=350><\/div>\n<div align=\"center\"><img decoding=\"async\" src=\"\/IMG\/jpg\/lavement.jpg\n\" width=450><\/div>\n<div align=\"center\"><img decoding=\"async\" src=\"\/IMG\/jpg\/lavement2.jpg\n\" width=450><\/div>\n<div align=\"center\"><img decoding=\"async\" src=\"\/IMG\/jpg\/lavement3.jpg\n\" width=450><\/div>\n<div align=\"center\"><img decoding=\"async\" src=\"\/IMG\/jpg\/lavement4.jpg\n\" width=450><\/div>\n<div align=\"center\"><img decoding=\"async\" src=\"\/IMG\/jpg\/lavement5.jpg\n\" width=450><\/div>\n<div align=\"center\"><img decoding=\"async\" src=\"\/IMG\/jpg\/lavement8.jpg\n\" width=450><\/div>\n<div align=\"center\"><img decoding=\"async\" src=\"\/IMG\/jpg\/lavement7.jpg\n\" width=450><\/div>\n<div align=\"center\"><img decoding=\"async\" src=\"\/IMG\/jpg\/gave.jpg\n\" width=450><\/div>\n<div align=\"center\"><img decoding=\"async\" src=\"\/IMG\/jpg\/77frat.jpg\n\" width=450><\/div>\n<div align=\"center\"><img decoding=\"async\" src=\"\/IMG\/jpg\/procession1.jpg\n\" width=450><\/div>\n<div align=\"center\"><img decoding=\"async\" src=\"\/IMG\/jpg\/procession2.jpg\n\" width=450><\/div>\n<div align=\"center\"><img decoding=\"async\" src=\"\/IMG\/jpg\/procession3.jpg\n\" width=450><\/div>\n<div align=\"center\"><img decoding=\"async\" src=\"\/IMG\/jpg\/bar.jpg\n\" width=450><\/div>\n<div align=\"center\"><img decoding=\"async\" src=\"\/IMG\/jpg\/cierge.jpg\n\" width=450><\/div>\n<div align=\"center\"><img decoding=\"async\" src=\"\/IMG\/jpg\/confession.jpg\n\" width=450><\/div>\n<p> La journ\u00e9e de ce mardi 15 avril se terminera par une veill\u00e9e de louanges:<\/p>\n<div align=\"center\"><img decoding=\"async\" src=\"\/IMG\/jpg\/louange.jpg\n\" width=450><\/div>\n<p> Les frateux 2014 de Meaux vous saleunt bien bas !!!<\/p>\n<div align=\"center\"><img decoding=\"async\" src=\"\/IMG\/jpg\/FRAT-1.jpg\n\" width=450><\/div>\n<div align=\"center\"><img decoding=\"async\" src=\"\/IMG\/jpg\/FRAT-22.jpg\n\" width=450><\/div>\n<div align=\"center\"><img decoding=\"async\" src=\"\/IMG\/jpg\/FRAT-3.jpg\n\" width=450><\/div>\n","protected":false},"excerpt":{"rendered":"<p>La messe des Rameaux de ce dimanche 13 avril, \u00e0\u00a0 la basilique souterraine Saint Pie X, pr\u00e9sid\u00e9e par Mgr Daucourt, \u00e9v\u00eaque de Nanterre s&rsquo;est termin\u00e9e \u00e0\u00a0 23h00 sous un tonnerre d&rsquo;applaudissements des jeunes franciliens.&#46;&#46;&#46;<\/p>\n","protected":false},"author":2,"featured_media":0,"comment_status":"open","ping_status":"open","sticky":false,"template":"","format":"standard","meta":{"footnotes":""},"categories":[],"tags":[],"class_list":["post-712","post","type-post","status-publish","format-standard","hentry"],"_links":{"self":[{"href":"http:\/\/www.chapelle-crecy.com\/index.php?rest_route=\/wp\/v2\/posts\/712","targetHints":{"allow":["GET"]}}],"collection":[{"href":"http:\/\/www.chapelle-crecy.com\/index.php?rest_route=\/wp\/v2\/posts"}],"about":[{"href":"http:\/\/www.chapelle-crecy.com\/index.php?rest_route=\/wp\/v2\/types\/post"}],"author":[{"embeddable":true,"href":"http:\/\/www.chapelle-crecy.com\/index.php?rest_route=\/wp\/v2\/users\/2"}],"replies":[{"embeddable":true,"href":"http:\/\/www.chapelle-crecy.com\/index.php?rest_route=%2Fwp%2Fv2%2Fcomments&post=712"}],"version-history":[{"count":0,"href":"http:\/\/www.chapelle-crecy.com\/index.php?rest_route=\/wp\/v2\/posts\/712\/revisions"}],"wp:attachment":[{"href":"http:\/\/www.chapelle-crecy.com\/index.php?rest_route=%2Fwp%2Fv2%2Fmedia&parent=712"}],"wp:term":[{"taxonomy":"category","embeddable":true,"href":"http:\/\/www.chapelle-crecy.com\/index.php?rest_route=%2Fwp%2Fv2%2Fcategories&post=712"},{"taxonomy":"post_tag","embeddable":true,"href":"http:\/\/www.chapelle-crecy.com\/index.php?rest_route=%2Fwp%2Fv2%2Ftags&post=712"}],"curies":[{"name":"wp","href":"https:\/\/api.w.org\/{rel}","templated":true}]}}