{"id":713,"date":"2014-03-30T11:05:00","date_gmt":"2014-03-30T11:05:00","guid":{"rendered":""},"modified":"-0001-11-30T00:00:00","modified_gmt":"-0001-11-29T22:00:00","slug":"","status":"publish","type":"post","link":"http:\/\/www.chapelle-crecy.com\/?p=713","title":{"rendered":"Annonces de la semaine du 31 mars au 6 avril 2014"},"content":{"rendered":"<table bgcolor =\"F0FAFF\" border=0>\n<tbody>\n<tr>\n<td>\n<div align=\"justify\">\n<div \"655\">Voici les annonces de la semaine du lundi 31 mars au dimanche 6 avril 2014 pour la paroisse des 3 clochers Cr\u00e9cy-la-Chapelle, Villiers-sur-Morin, Voulangis. <br \/>\nSamedi 5 \u00e0\u00a0 18 h 30, messe \u00e0\u00a0 Villiers,<br \/>\nDimanche 6 \u00e0\u00a0 10 h 30, messe \u00e0\u00a0 Cr\u00e9cy.<br \/>\nTous les d\u00e9tails dans la suite &#8230;<\/div>\n<\/div>\n<\/td>\n<\/tr>\n<\/tbody>\n<\/table>\n<table bgcolor =\"F0F6FF\" border=0>\n<tbody>\n<tr>\n<td width=\"25%\"><font color=\"00CC00\">Lundi 31 mars<\/font><\/td>\n<td><font color=\"00CC00\">15 h 30 &#8211; Obs\u00e8ques \u00e0 Cr\u00e9cy de Fran\u00e7ois de LAUBRIERE.<br \/>\n17 h  Messe \u00e0 la Maison de Retraite pour la famille LEROY-LEFEBVRE.<br \/>\n<\/font><\/td>\n<td><font color=\"00CC00\">20 h 30 &#8211; R\u00e9union des Permanents de l&rsquo;Accueil .<\/font><\/td>\n<\/tr>\n<tr>\n<td width=\"25%\"><font color=\"0020FF\">Mardi 1e avril<\/font><\/td>\n<td><font color=\"0020FF\"><\/p>\n<div align=\"center\"><img decoding=\"async\" src=\"\/IMG\/lieux\/stgeorges16.jpg\" width=150><\/div>\n<p><\/font><\/td>\n<td><font color=\"0020FF\">18 h &#8211; Messe \u00e0 Cr\u00e9cy pour Gaby BEAUMONT, ainsi que pour les Ames du Purgatoire et la famille CORREIA.<\/font><\/td>\n<\/tr>\n<tr>\n<td width=\"25%\"><font color=\"0E0C40\">Mercredi 2 avril<\/font><\/td>\n<td><font color=\"0E0C40\">18 h &#8211; Messe \u00e0 Cr\u00e9cy pour Edith RIGOLLET et Claude BESSON.<\/font><\/td>\n<td><font color=\"0E0C40\">20 h &#8211; Soir\u00e9e de \u00ab Bol de Riz  de Car\u00eame\u00bb, avec partage autour de la Parole, d\u00e9marche faisant partie de \u00ab Mission en Actes \u00bb, voulue par notre Ev\u00eaque.<\/font><\/td>\n<\/tr>\n<tr>\n<td width=\"25%\"><font color=\"00CC00\">Jeudi 3 avril<\/font><\/td>\n<td><font color=\"00CC00\"><\/p>\n<div align=\"center\"><img decoding=\"async\" src=\"\/IMG\/lieux\/stgeorges18.jpg\" width=150><\/div>\n<p><\/font><\/td>\n<td><font color=\"00CC00\">20 h 30  R\u00e9union de l&rsquo;\u00e9quipe liturgique au presbyt\u00e8re pour pr\u00e9parer la Veill\u00e9e Pascale.<br \/>\n<\/font><\/td>\n<\/tr>\n<tr>\n<td width=\"25%\"><font color=\"0020FF\">Vendredi 4 avril<\/font><\/td>\n<td><font color=\"0020FF\">9 h &#8211; Messe \u00e0 Cr\u00e9cy pour Raymonde LEROUX et Ren\u00e9 THIEBAULT.<br \/>\n9 h 30 &#8211; Heure d&rsquo;adoration du Saint Sacrement \u00e0 la chapelle de la Vierge.\n<\/td>\n<td><font color=\"0020FF\">20 h &#8211; Pr\u00e9paration au Mariage, r\u00e9union \u00e0 la salle paroissiale.<\/font><\/td>\n<\/tr>\n<tr>\n<td width=\"25%\"><font color=\"0E0C40\">Samedi 5 avril<\/font><\/td>\n<td><font color=\"0E0C40\">de 14 h \u00e0 15 h 30  Eveil \u00e0 la Foi<br \/>\nde 14h 30 \u00e0 17 h 30 : \u00e0 l&rsquo;\u00e9glise St Jean Bosco, \u00e0 Meaux JOURNEE DU PARDON<br \/>\n<\/font><\/td>\n<td><font color=\"0E0C40\">18 h 30 &#8211; Messe \u00e0 Villiers pour Andr\u00e9e CHOPPE et Sarah MOURGUES.<br \/>\n<\/font><\/td>\n<\/tr>\n<tr>\n<td><font color=\"00CC00\">Dimanche 6 avril<br \/>\n<i>5\u00e8me Dimanche de Car\u00eame<\/i><\/font><\/td>\n<td><font color=\"00CC00\">10 h 30 &#8211; Messe \u00e0 Cr\u00e9cy pour Lucienne ALBINET et Thibaud CHRETIEN. Nous prierons \u00e9galement pour Fran\u00e7ois de LAUBRIERE.<br \/>\n<\/font><\/td>\n<td><font color=\"00CC00\"><\/p>\n<div align=\"center\"><img decoding=\"async\" src=\"\/IMG\/lieux\/stgeorges15.jpg\"  width=150><\/div>\n<p><\/font><\/td>\n<\/tr>\n<\/tbody>\n<\/table>\n","protected":false},"excerpt":{"rendered":"<p>Voici les annonces de la semaine du lundi 31 mars au dimanche 6 avril 2014 pour la paroisse des 3 clochers Cr\u00e9cy-la-Chapelle, Villiers-sur-Morin, Voulangis. Samedi 5 \u00e0\u00a0 18 h 30, messe \u00e0\u00a0 Villiers, Dimanche&#46;&#46;&#46;<\/p>\n","protected":false},"author":2,"featured_media":0,"comment_status":"open","ping_status":"open","sticky":false,"template":"","format":"standard","meta":{"footnotes":""},"categories":[],"tags":[],"class_list":["post-713","post","type-post","status-publish","format-standard","hentry"],"_links":{"self":[{"href":"http:\/\/www.chapelle-crecy.com\/index.php?rest_route=\/wp\/v2\/posts\/713","targetHints":{"allow":["GET"]}}],"collection":[{"href":"http:\/\/www.chapelle-crecy.com\/index.php?rest_route=\/wp\/v2\/posts"}],"about":[{"href":"http:\/\/www.chapelle-crecy.com\/index.php?rest_route=\/wp\/v2\/types\/post"}],"author":[{"embeddable":true,"href":"http:\/\/www.chapelle-crecy.com\/index.php?rest_route=\/wp\/v2\/users\/2"}],"replies":[{"embeddable":true,"href":"http:\/\/www.chapelle-crecy.com\/index.php?rest_route=%2Fwp%2Fv2%2Fcomments&post=713"}],"version-history":[{"count":0,"href":"http:\/\/www.chapelle-crecy.com\/index.php?rest_route=\/wp\/v2\/posts\/713\/revisions"}],"wp:attachment":[{"href":"http:\/\/www.chapelle-crecy.com\/index.php?rest_route=%2Fwp%2Fv2%2Fmedia&parent=713"}],"wp:term":[{"taxonomy":"category","embeddable":true,"href":"http:\/\/www.chapelle-crecy.com\/index.php?rest_route=%2Fwp%2Fv2%2Fcategories&post=713"},{"taxonomy":"post_tag","embeddable":true,"href":"http:\/\/www.chapelle-crecy.com\/index.php?rest_route=%2Fwp%2Fv2%2Ftags&post=713"}],"curies":[{"name":"wp","href":"https:\/\/api.w.org\/{rel}","templated":true}]}}