{"id":716,"date":"2014-04-05T11:04:00","date_gmt":"2014-04-05T11:04:00","guid":{"rendered":""},"modified":"-0001-11-30T00:00:00","modified_gmt":"-0001-11-29T22:00:00","slug":"","status":"publish","type":"post","link":"http:\/\/www.chapelle-crecy.com\/?p=716","title":{"rendered":"Annonces de la semaine du 7 au 13 avril 2014"},"content":{"rendered":"<table bgcolor =\"F0FAFF\" border=0>\n<tbody>\n<tr>\n<td>\n<div align=\"justify\">\n<div \"658\">Voici les annonces de la semaine du lundi 7 au dimanche 13 avril 2014 pour la paroisse des 3 clochers Cr\u00e9cy-la-Chapelle, Villiers-sur-Morin, Voulangis. <br \/>\nSamedi 12 \u00e0\u00a0 18 h 30, messe \u00e0\u00a0 Voulangis,<br \/>\nDimanche 13 \u00e0\u00a0 10 h 30, messe \u00e0\u00a0 Cr\u00e9cy.<br \/> <br \/>\nTous les d\u00e9tails dans la suite &#8230;<\/p>\n<p> <\/div>\n<\/div>\n<\/td>\n<\/tr>\n<\/tbody>\n<\/table>\n<table bgcolor =\"F0F6FF\" border=0>\n<tbody>\n<tr>\n<td width=\"25%\"><font color=\"00CC00\">Lundi 7 avril<\/font><\/td>\n<td><font color=\"00CC00\">17 h  C\u00e9l\u00e9bration \u00e0 la Maison de Retraite.<br \/>\n<\/font><\/td>\n<td><font color=\"00CC00\">20 h 30 &#8211; Heure d&rsquo;Adoration du Saint Sacrement \u00e0 Cr\u00e9cy.<\/font><\/td>\n<\/tr>\n<tr>\n<td width=\"25%\"><font color=\"0020FF\">Mardi 8 avril<\/font><\/td>\n<td><font color=\"0020FF\">15 h 30  Obs\u00e8ques \u00e0 Cr\u00e9cy de Lucien CURCURU.<br \/>\n<\/font><\/td>\n<td><font color=\"0020FF\">18 h &#8211; Messe \u00e0 Cr\u00e9cy pour Jacqueline BLEZY et Andr\u00e9 PEAN.<\/font><\/td>\n<\/tr>\n<tr>\n<td width=\"25%\"><font color=\"0E0C40\">Mercredi 9 avril<\/font><\/td>\n<td><font color=\"0E0C40\">9 h &#8211; Messe \u00e0 Cr\u00e9cy pour Edith RIGOLLET et Claude BESSON.<\/font><\/td>\n<td><font color=\"0E0C40\"><\/p>\n<div align=\"center\"><img decoding=\"async\" src=\"\/IMG\/lieux\/stgeorges17.jpg\" width=150><\/div>\n<p><\/font><\/td>\n<\/tr>\n<tr>\n<td width=\"25%\"><font color=\"00CC00\">Jeudi 10 avril<\/font><\/td>\n<td><font color=\"00CC00\">9 h &#8211; Messe \u00e0 Cr\u00e9cy pour Marie-Louise TILLY et Pierre BEAUMONT.<\/font><\/td>\n<td><font color=\"00CC00\">14 h 30 &#8211; R\u00e9union de l&rsquo;Equipe Lourdes-Cancer-Esp\u00e9rance \u00e0 la salle paroissiale.<br \/>\n<\/font><\/td>\n<\/tr>\n<tr>\n<td width=\"25%\"><font color=\"0020FF\">Vendredi 11 avril<\/font><\/td>\n<td><font color=\"0020FF\">9 h &#8211; Messe \u00e0 Cr\u00e9cy pour Jeannine PERRICHON et  Madeleine CARLI.\n<\/td>\n<td><font color=\"0020FF\"><\/p>\n<div align=\"center\"><img decoding=\"async\" src=\"\/IMG\/lieux\/stgeorges18.jpg\" width=150><\/div>\n<p><\/font><\/td>\n<\/tr>\n<tr>\n<td width=\"25%\"><font color=\"0E0C40\">Samedi 12 avril<\/font><\/td>\n<td><font color=\"0E0C40\"><\/p>\n<div align=\"center\"><img decoding=\"async\" src=\"\/IMG\/lieux\/voulangis_eglise4.jpg\"  width=150><\/div>\n<p><\/font><\/td>\n<td><font color=\"0E0C40\">18 h 30 &#8211; Messe \u00e0  Voulangis pour Maryvonne MATHONNET et Jean ROSIER.<br \/>\n<\/font><\/td>\n<\/tr>\n<tr>\n<td><font color=\"00CC00\">Dimanche 13 avril<br \/>\n<i>Dimanche des RAMEAUX<\/i><\/font><\/td>\n<td><font color=\"00CC00\">10 h 30 &#8211;  Messe \u00e0 Cr\u00e9cy pour Andr\u00e9 CHAMPIN et Michel LEROUX.Nous prierons aussi pour Lucien CURCURU inhum\u00e9 lundi.<br \/>\n<\/font><\/td>\n<td><font color=\"00CC00\"><\/p>\n<div align=\"center\"><img decoding=\"async\" src=\"\/IMG\/lieux\/stgeorges16.jpg\"  width=150><\/div>\n<p><\/font><\/td>\n<\/tr>\n<\/tbody>\n<\/table>\n<p>A La fin  des messes de ce samedi 12 et dimanche 13, vous seront propos\u00e9es des ic\u00f4nes r\u00e9alis\u00e9es par les enfants de l&rsquo;Atelier d&rsquo;Ic\u00f4nes. Le produit de cette vente est destin\u00e9 au CCFD.<\/p>\n","protected":false},"excerpt":{"rendered":"<p>Voici les annonces de la semaine du lundi 7 au dimanche 13 avril 2014 pour la paroisse des 3 clochers Cr\u00e9cy-la-Chapelle, Villiers-sur-Morin, Voulangis. Samedi 12 \u00e0\u00a0 18 h 30, messe \u00e0\u00a0 Voulangis, Dimanche 13&#46;&#46;&#46;<\/p>\n","protected":false},"author":2,"featured_media":0,"comment_status":"open","ping_status":"open","sticky":false,"template":"","format":"standard","meta":{"footnotes":""},"categories":[],"tags":[],"class_list":["post-716","post","type-post","status-publish","format-standard","hentry"],"_links":{"self":[{"href":"http:\/\/www.chapelle-crecy.com\/index.php?rest_route=\/wp\/v2\/posts\/716","targetHints":{"allow":["GET"]}}],"collection":[{"href":"http:\/\/www.chapelle-crecy.com\/index.php?rest_route=\/wp\/v2\/posts"}],"about":[{"href":"http:\/\/www.chapelle-crecy.com\/index.php?rest_route=\/wp\/v2\/types\/post"}],"author":[{"embeddable":true,"href":"http:\/\/www.chapelle-crecy.com\/index.php?rest_route=\/wp\/v2\/users\/2"}],"replies":[{"embeddable":true,"href":"http:\/\/www.chapelle-crecy.com\/index.php?rest_route=%2Fwp%2Fv2%2Fcomments&post=716"}],"version-history":[{"count":0,"href":"http:\/\/www.chapelle-crecy.com\/index.php?rest_route=\/wp\/v2\/posts\/716\/revisions"}],"wp:attachment":[{"href":"http:\/\/www.chapelle-crecy.com\/index.php?rest_route=%2Fwp%2Fv2%2Fmedia&parent=716"}],"wp:term":[{"taxonomy":"category","embeddable":true,"href":"http:\/\/www.chapelle-crecy.com\/index.php?rest_route=%2Fwp%2Fv2%2Fcategories&post=716"},{"taxonomy":"post_tag","embeddable":true,"href":"http:\/\/www.chapelle-crecy.com\/index.php?rest_route=%2Fwp%2Fv2%2Ftags&post=716"}],"curies":[{"name":"wp","href":"https:\/\/api.w.org\/{rel}","templated":true}]}}