{"id":717,"date":"2014-04-13T11:02:00","date_gmt":"2014-04-13T11:02:00","guid":{"rendered":""},"modified":"-0001-11-30T00:00:00","modified_gmt":"-0001-11-29T22:00:00","slug":"","status":"publish","type":"post","link":"http:\/\/www.chapelle-crecy.com\/?p=717","title":{"rendered":"Annonces de la semaine du 14 au 20 avril 2014"},"content":{"rendered":"<table bgcolor =\"F0FAFF\" border=0>\n<tbody>\n<tr>\n<td>\n<div align=\"justify\">\n<div \"659\">Voici les annonces de la semaine du lundi 14 au dimanche 20 avril 2014 pour la paroisse des 3 clochers Cr\u00e9cy-la-Chapelle, Villiers-sur-Morin, Voulangis. <br \/>\nMardi c\u00e9l\u00e9bration p\u00e9nitentielle, mercredi messe chrismale \u00e0\u00a0 Meaux, messes du jeudi saint et du vendredi saint, vendredi chemins de croix dans chaque village, samedi vigiles de paques \u00e0\u00a0 crecy et dimanche messe de P\u00e2ques \u00e0\u00a0 Villiers.<br \/> <br \/>\nRetrouvez tous les d\u00e9tails dans la suite &#8230;<\/div>\n<\/div>\n<\/td>\n<\/tr>\n<\/tbody>\n<\/table>\n<table bgcolor =\"F0F6FF\" border=0>\n<tbody>\n<tr>\n<td width=\"25%\"><font color=\"00CC00\">Lundi 14 avril<\/font><\/td>\n<td><font color=\"00CC00\">17 h  Messe \u00e0 la Maison de Retraite pour la famille LEROY-LEFEBVRE.<br \/>\n<\/font><\/td>\n<td><font color=\"00CC00\"><\/p>\n<div align=\"center\"><img decoding=\"async\" src=\"\/IMG\/jpg\/MR_Crecy_2.jpg\" width=150><\/div>\n<p><\/font><\/td>\n<\/tr>\n<tr>\n<td width=\"25%\"><font color=\"0020FF\">Mardi 15 avril<\/font><\/td>\n<td><font color=\"0020FF\">9 h -Messe \u00e0 Cr\u00e9cy pour Yvonne PERARDOT et  Jean-Charles POTEL.<br \/>\n<\/font><\/td>\n<td><font color=\"0020FF\">20 h 30 &#8211; C\u00e9l\u00e9bration P\u00e9nitentielle \u00e0 Cr\u00e9cy.<\/font><\/td>\n<\/tr>\n<tr>\n<td width=\"25%\"><font color=\"0E0C40\">Mercredi 16 avril<\/font><\/td>\n<td><font color=\"0E0C40\"><\/p>\n<div align=\"center\"><img decoding=\"async\" src=\"\/IMG\/jpg\/jeudi_saint.jpg\" width=150><\/div>\n<p><\/font><\/td>\n<td><font color=\"0E0C40\">20 h &#8211; Messe Chrismale \u00e0 la cath\u00e9drale de Meaux.<\/font><\/td>\n<\/tr>\n<tr>\n<td width=\"25%\"><font color=\"00CC00\">Jeudi 17 avril<br \/><i>Jeudi Saint<\/i><\/font><\/td>\n<td><font color=\"00CC00\">20 h &#8211; C\u00e9l\u00e9bration de la Sainte C\u00e8ne \u00e0 Cr\u00e9cy.<\/font><\/td>\n<td><font color=\"00CC00\"><\/p>\n<div align=\"center\"><img decoding=\"async\" src=\"\/IMG\/jpg\/DSC04263.jpg\" width=150><\/div>\n<p><\/font><\/td>\n<\/tr>\n<tr>\n<td width=\"25%\"><font color=\"0020FF\">Vendredi 18 avril<br \/><i>Vendredi Saint<\/i><\/font><\/td>\n<td><font color=\"0020FF\">Chemin de Croix : <br \/>\n* 11 h \u00e0 Voulangis<br \/> <br \/>\n* 15 h \u00e0 Villiers<br \/>\n* 17 h \u00e0 Cr\u00e9cy\n<\/td>\n<td><font color=\"0020FF\">20 h 30  C\u00e9l\u00e9bration de la Passion \u00e0 Cr\u00e9cy<\/font><\/td>\n<\/tr>\n<tr>\n<td width=\"25%\"><font color=\"0E0C40\">Samedi 19 avril<br \/><i>Vigile de P\u00e2ques<\/i><\/font><\/td>\n<td><font color=\"0E0C40\"><\/p>\n<div align=\"center\"><img decoding=\"async\" src=\"\/IMG\/jpg\/feu2.jpg\"  width=150><\/div>\n<p><\/font><\/td>\n<td><font color=\"0E0C40\">21 h &#8211; VIGILE DE PAQUES  \u00e0 Cr\u00e9cy.<br \/>\nMesse pour le peuple de Dieu, avec une intention particuli\u00e8re pour Alfred et  Raymonde BOURLOIS.<br \/>\n<\/font><\/td>\n<\/tr>\n<tr>\n<td><font color=\"00CC00\">Dimanche 20 avril<br \/>\n<i>Dimanche de PAQUES<\/i><\/font><\/td>\n<td><font color=\"00CC00\">10 h 30 &#8211; MESSE DU JOUR DE PAQUES \u00e0 Villiers.<br \/>Ce sera \u00e9galement une Messe anniversaire pour William DESJARDINS.<br \/>\n<\/font><\/td>\n<td><font color=\"00CC00\"><\/p>\n<div align=\"center\"><img decoding=\"async\" src=\"\/IMG\/lieux\/villiers_eglise2.jpg\"  width=150><\/div>\n<p><\/font><\/td>\n<\/tr>\n<\/tbody>\n<\/table>\n","protected":false},"excerpt":{"rendered":"<p>Voici les annonces de la semaine du lundi 14 au dimanche 20 avril 2014 pour la paroisse des 3 clochers Cr\u00e9cy-la-Chapelle, Villiers-sur-Morin, Voulangis. Mardi c\u00e9l\u00e9bration p\u00e9nitentielle, mercredi messe chrismale \u00e0\u00a0 Meaux, messes du jeudi&#46;&#46;&#46;<\/p>\n","protected":false},"author":2,"featured_media":0,"comment_status":"open","ping_status":"open","sticky":false,"template":"","format":"standard","meta":{"footnotes":""},"categories":[],"tags":[],"class_list":["post-717","post","type-post","status-publish","format-standard","hentry"],"_links":{"self":[{"href":"http:\/\/www.chapelle-crecy.com\/index.php?rest_route=\/wp\/v2\/posts\/717","targetHints":{"allow":["GET"]}}],"collection":[{"href":"http:\/\/www.chapelle-crecy.com\/index.php?rest_route=\/wp\/v2\/posts"}],"about":[{"href":"http:\/\/www.chapelle-crecy.com\/index.php?rest_route=\/wp\/v2\/types\/post"}],"author":[{"embeddable":true,"href":"http:\/\/www.chapelle-crecy.com\/index.php?rest_route=\/wp\/v2\/users\/2"}],"replies":[{"embeddable":true,"href":"http:\/\/www.chapelle-crecy.com\/index.php?rest_route=%2Fwp%2Fv2%2Fcomments&post=717"}],"version-history":[{"count":0,"href":"http:\/\/www.chapelle-crecy.com\/index.php?rest_route=\/wp\/v2\/posts\/717\/revisions"}],"wp:attachment":[{"href":"http:\/\/www.chapelle-crecy.com\/index.php?rest_route=%2Fwp%2Fv2%2Fmedia&parent=717"}],"wp:term":[{"taxonomy":"category","embeddable":true,"href":"http:\/\/www.chapelle-crecy.com\/index.php?rest_route=%2Fwp%2Fv2%2Fcategories&post=717"},{"taxonomy":"post_tag","embeddable":true,"href":"http:\/\/www.chapelle-crecy.com\/index.php?rest_route=%2Fwp%2Fv2%2Ftags&post=717"}],"curies":[{"name":"wp","href":"https:\/\/api.w.org\/{rel}","templated":true}]}}