{"id":718,"date":"2014-04-12T00:31:00","date_gmt":"2014-04-12T00:31:00","guid":{"rendered":""},"modified":"-0001-11-30T00:00:00","modified_gmt":"-0001-11-29T22:00:00","slug":"","status":"publish","type":"post","link":"http:\/\/www.chapelle-crecy.com\/?p=718","title":{"rendered":"Oser la rencontre avec la foule"},"content":{"rendered":"<div align=\"center\"><img decoding=\"async\" src=\"\/IMG\/jpg\/Rameaux6.jpg\n\" width=250><\/div>\n<p>Evangile de J\u00e9sus Christ selon saint Matthieu<\/p>\n<div align=\"justify\">\n<p> Quelques jours avant la f\u00eate de la P\u00e2que, J\u00e9sus et ses disciples, approchant de J\u00e9rusalem, arriv\u00e8rent \u00e0 Bethphag\u00e9, sur les pentes du mont des Oliviers.<br \/>\n Alors J\u00e9sus envoya deux disciples :<br \/>\n \u00ab Allez au village qui est en face de vous ; vous trouverez aussit\u00f4t une \u00e2nesse attach\u00e9e et son petit avec elle. D\u00e9tachez-les et amenez-les moi. Et si l&rsquo;on vous dit quelque chose, vous r\u00e9pondrez : &lsquo;Le Seigneur en a besoin, mais il les renverra aussit\u00f4t.&rsquo; \u00bb<br \/>\n Cela s&rsquo;est pass\u00e9 pour accomplir la parole transmise par le proph\u00e8te :<br \/>\n Dites \u00e0 la fille de Sion : Voici ton roi qui vient vers toi, humble, mont\u00e9 sur une \u00e2nesse et un petit \u00e2ne, le petit d&rsquo;une b\u00eate de somme.<br \/>\n Les disciples partirent et firent ce que J\u00e9sus leur avait ordonn\u00e9.<br \/>\nIls amen\u00e8rent l&rsquo;\u00e2nesse et son petit, dispos\u00e8rent sur eux leurs manteaux, et J\u00e9sus s&rsquo;assit dessus.<br \/>\n Dans la foule, la plupart \u00e9tendirent leurs manteaux sur le chemin ; d&rsquo;autres coupaient des branches aux arbres et en jonchaient la route.<br \/>\n Les foules qui marchaient devant J\u00e9sus et celles qui suivaient criaient : \u00ab Hosanna au fils de David ! B\u00e9ni soit celui qui vient au nom du Seigneur ! Hosanna au plus haut des cieux ! \u00bb<br \/>\n Comme J\u00e9sus entrait \u00e0 J\u00e9rusalem, l&rsquo;agitation gagna toute la ville ; on se demandait : \u00ab Qui est cet homme ? \u00bb<br \/>\n Et les foules r\u00e9pondaient : \u00ab C&rsquo;est le proph\u00e8te J\u00e9sus, de Nazareth en Galil\u00e9e. \u00bb\n<\/p><\/div>\n","protected":false},"excerpt":{"rendered":"<p>Evangile de J\u00e9sus Christ selon saint Matthieu Quelques jours avant la f\u00eate de la P\u00e2que, J\u00e9sus et ses disciples, approchant de J\u00e9rusalem, arriv\u00e8rent \u00e0 Bethphag\u00e9, sur les pentes du mont des Oliviers. Alors J\u00e9sus&#46;&#46;&#46;<\/p>\n","protected":false},"author":2,"featured_media":0,"comment_status":"open","ping_status":"open","sticky":false,"template":"","format":"standard","meta":{"footnotes":""},"categories":[],"tags":[],"class_list":["post-718","post","type-post","status-publish","format-standard","hentry"],"_links":{"self":[{"href":"http:\/\/www.chapelle-crecy.com\/index.php?rest_route=\/wp\/v2\/posts\/718","targetHints":{"allow":["GET"]}}],"collection":[{"href":"http:\/\/www.chapelle-crecy.com\/index.php?rest_route=\/wp\/v2\/posts"}],"about":[{"href":"http:\/\/www.chapelle-crecy.com\/index.php?rest_route=\/wp\/v2\/types\/post"}],"author":[{"embeddable":true,"href":"http:\/\/www.chapelle-crecy.com\/index.php?rest_route=\/wp\/v2\/users\/2"}],"replies":[{"embeddable":true,"href":"http:\/\/www.chapelle-crecy.com\/index.php?rest_route=%2Fwp%2Fv2%2Fcomments&post=718"}],"version-history":[{"count":0,"href":"http:\/\/www.chapelle-crecy.com\/index.php?rest_route=\/wp\/v2\/posts\/718\/revisions"}],"wp:attachment":[{"href":"http:\/\/www.chapelle-crecy.com\/index.php?rest_route=%2Fwp%2Fv2%2Fmedia&parent=718"}],"wp:term":[{"taxonomy":"category","embeddable":true,"href":"http:\/\/www.chapelle-crecy.com\/index.php?rest_route=%2Fwp%2Fv2%2Fcategories&post=718"},{"taxonomy":"post_tag","embeddable":true,"href":"http:\/\/www.chapelle-crecy.com\/index.php?rest_route=%2Fwp%2Fv2%2Ftags&post=718"}],"curies":[{"name":"wp","href":"https:\/\/api.w.org\/{rel}","templated":true}]}}