{"id":721,"date":"2014-04-18T09:55:15","date_gmt":"2014-04-18T09:55:15","guid":{"rendered":""},"modified":"-0001-11-30T00:00:00","modified_gmt":"-0001-11-29T22:00:00","slug":"","status":"publish","type":"post","link":"http:\/\/www.chapelle-crecy.com\/?p=721","title":{"rendered":"Tu ne r\u00e9ponds rien ? Vois tout ce dont ils t&rsquo;accusent ! Mais J\u00e9sus ne r\u00e9pondit plus rien si bien que Pilate \u00e9tait \u00e9tonn\u00e9."},"content":{"rendered":"<div align=\"justify\">\nEn ce Vendredi Saint, veuillez trouver ci-apr\u00e8s toutes les propositions de chemin de croix dans notre secteur. Notez \u00e9galement que commence aujourd&rsquo;hui 18 avril, la Neuvaine \u00e0\u00a0 la Mis\u00e9ricorde Divine que vous trouverez, en pi\u00e8ce jointe, en bas de cette article. Sachez que cette neuvaine se terminera le dimanche 27 avril 2014, jour de la canonisation du Bienheureux Jean-Paul II. Notez que cette f\u00eate de la Mis\u00e9ricorde Divine a \u00e9t\u00e9 institu\u00e9e par Jean-Paul II, lui-m\u00eame. C&rsquo;est dire l&rsquo;importance que rev\u00eat cette pri\u00e8re, cette ann\u00e9e particuli\u00e8rement ! <\/p>\n<div align=\"center\"><img decoding=\"async\" src=\"\/IMG\/jpg\/chemin_de_croix.jpg\" width=450><\/div>\n<p>Autres propositions de chemin de croix:<br \/>\n&#8211; chemin de croix \u00e0\u00a0 11h \u00e0\u00a0 Voulangis<br \/>\n&#8211; chemin de croix \u00e0\u00a0 15h \u00e0\u00a0 Villiers-sur-Morin<br \/>\n&#8211; chemin de croix \u00e0\u00a0 17h \u00e0\u00a0 Cr\u00e9cy-la-Chapelle<br \/>\nVous trouverez dans le document joint \u00ab\u00a0Chemin de croix\u00a0\u00bb la tr\u00e8s belle m\u00e9ditation, venant des sanctuaires de Lourdes et qui sera m\u00e9dit\u00e9 pour le Chemin de Croix dans les rues de Meaux ce Vendredi Saint et \u00e0\u00a0 Cr\u00e9cy-la-Chapelle.\n<\/p><\/div>\n<div align=\"justify\">Voici la m\u00e9ditiation que nous vous proposons aujourd&rsquo;hui:<br \/>\n Tu es l\u00e0, au pied de la croix o\u00f9 notre Seigneur est suspendu comme un brigand, et la r\u00e9ussite du Serviteur de Dieu, annonc\u00e9e par le proph\u00e8te Isa\u00efe, ne te para \u00eet pas franchement \u00e9clatante.Hier encore, J\u00e9sus nous partageait le pain et le vin, enseignant, exhortant, pr\u00e9parant chacun de nous \u00e0 la venue du Royaume. Aujourd&rsquo;hui il s&rsquo;est tu, comme un agneau qu&rsquo;on m\u00e8ne \u00e0 l&rsquo;abattoir. Tu aimerais qu&rsquo;il te rassure, qu&rsquo;il se r\u00e9v\u00e8le de fa\u00e7on spectaculaire, qu&rsquo;il condamne les m\u00e9chants\u00e2\u20ac\u00a6 <\/p>\n<p>\u00ab Vas-y maintenant, montre leur \u00e0 tous que tu es bien le Messie, ne nous laisse pas tomber !\u00bb. Mais non, il ne se d\u00e9fend m\u00eame pas. Il ne dit presque rien.<br \/>\nLe temps n&rsquo;est plus aux paroles mais \u00e0 l&rsquo;accomplissement de La Parole. Et c&rsquo;est si difficile \u00e0 comprendre ! \u00ab Oh, notre Dieu, pourquoi nous as-tu abandonn\u00e9s ? \u00bb<br \/>\n Et sous tes yeux incr\u00e9dules, en m\u00eame temps que J\u00e9sus agonise, c&rsquo;est ton esp\u00e9rance qui flanche lentement sur le bois, d\u00e9chir\u00e9e, d\u00e9figur\u00e9e.<br \/>\n Avec Marie, tu es l\u00e0, au pied de la croix, interloqu\u00e9, humili\u00e9. Sans voix.<br \/>\n Que dire d&rsquo;ailleurs, qui n&rsquo;ajoute \u00e0 l&rsquo;horreur de l&rsquo;obsc\u00e9nit\u00e9 ou du cynisme ?<br \/>\n Faut-il que tu cries ?<br \/>\n Faut-il que tu ries ?<br \/>\n Faut-il que tu pleures ?<br \/>\n Et pleurer comment ?<br \/>\n Pleurer de d\u00e9pit, pleurer de rage, pleurer d&rsquo;amertume de t&rsquo;\u00eatre fait rouler par ce Roi-Messie qui t&rsquo;a fait tant de belles promesses et qui finit lamentablement \u00e9corch\u00e9 sur le bois ? Faut-il que tu pries ?<br \/>\n Sans doute.<br \/>\n Tu peux t&rsquo;abandonner \u00e0 la folie de cette Passion, fermer un instant les yeux du monde et ouvrir les yeux de la foi.<br \/>\n Pour voir dans la croix, non pas d&rsquo;abord le signe de la violence dont nous sommes capables, mais surtout le t\u00e9moignage de l&rsquo;amour fou de Dieu, qui, d\u00e9finitivement, nous rach\u00e8te. Qui te lib\u00e8re.<br \/>\n Oui, tu peux prier en cette heure sombre, et ainsi accompagner J\u00e9sus qui meurt, pour que, toi aussi, tu puisses ressusciter, avec Lui, dans la lumi\u00e8re.\n<\/p><\/div>\n","protected":false},"excerpt":{"rendered":"<p>En ce Vendredi Saint, veuillez trouver ci-apr\u00e8s toutes les propositions de chemin de croix dans notre secteur. Notez \u00e9galement que commence aujourd&rsquo;hui 18 avril, la Neuvaine \u00e0\u00a0 la Mis\u00e9ricorde Divine que vous trouverez, en&#46;&#46;&#46;<\/p>\n","protected":false},"author":2,"featured_media":0,"comment_status":"open","ping_status":"open","sticky":false,"template":"","format":"standard","meta":{"footnotes":""},"categories":[],"tags":[],"class_list":["post-721","post","type-post","status-publish","format-standard","hentry"],"_links":{"self":[{"href":"http:\/\/www.chapelle-crecy.com\/index.php?rest_route=\/wp\/v2\/posts\/721","targetHints":{"allow":["GET"]}}],"collection":[{"href":"http:\/\/www.chapelle-crecy.com\/index.php?rest_route=\/wp\/v2\/posts"}],"about":[{"href":"http:\/\/www.chapelle-crecy.com\/index.php?rest_route=\/wp\/v2\/types\/post"}],"author":[{"embeddable":true,"href":"http:\/\/www.chapelle-crecy.com\/index.php?rest_route=\/wp\/v2\/users\/2"}],"replies":[{"embeddable":true,"href":"http:\/\/www.chapelle-crecy.com\/index.php?rest_route=%2Fwp%2Fv2%2Fcomments&post=721"}],"version-history":[{"count":0,"href":"http:\/\/www.chapelle-crecy.com\/index.php?rest_route=\/wp\/v2\/posts\/721\/revisions"}],"wp:attachment":[{"href":"http:\/\/www.chapelle-crecy.com\/index.php?rest_route=%2Fwp%2Fv2%2Fmedia&parent=721"}],"wp:term":[{"taxonomy":"category","embeddable":true,"href":"http:\/\/www.chapelle-crecy.com\/index.php?rest_route=%2Fwp%2Fv2%2Fcategories&post=721"},{"taxonomy":"post_tag","embeddable":true,"href":"http:\/\/www.chapelle-crecy.com\/index.php?rest_route=%2Fwp%2Fv2%2Ftags&post=721"}],"curies":[{"name":"wp","href":"https:\/\/api.w.org\/{rel}","templated":true}]}}