{"id":723,"date":"2014-04-21T08:14:00","date_gmt":"2014-04-21T08:14:00","guid":{"rendered":""},"modified":"-0001-11-30T00:00:00","modified_gmt":"-0001-11-29T22:00:00","slug":"","status":"publish","type":"post","link":"http:\/\/www.chapelle-crecy.com\/?p=723","title":{"rendered":"Jean Paul II et Jean XXIII f\u00eat\u00e9s \u00e0\u00a0 Couilly Pont-aux-Dames le dimanche 27 avril"},"content":{"rendered":"<div align=\"justify\">Une messe solennelle sera c\u00e9l\u00e9br\u00e9e le 27 avril \u00e0\u00a0 11 heures en l&rsquo;\u00e9glise Saint Georges de Couilly Pont-aux-Dames, pour f\u00eater la canonisation de Jean Paul II et Jean XXIII qui aura lieu ce jour-l\u00e0\u00a0 Rome, dimanche de la Mis\u00e9ricorde de Dieu. La messe sera pr\u00e9sid\u00e9e par Monseigneur Jez, Recteur de la communaut\u00e9 polonaise en France. L&rsquo;\u00e9glise sera \u00e9galement ouverte au public l&rsquo;apr\u00e8s-midi de 16 h \u00e0\u00a0 18 h avec la participation de l&rsquo;association des amis de l&rsquo;\u00e9glise. Le th\u00e8me de la saintet\u00e9 sera mis en valeur avec pr\u00e9sentation de reliques et en l&rsquo;honneur de Saint Georges, patron de la paroisse.<br \/>\nSecteur pastoral de Quincy-Voisins, Couilly-Pont aux Dames, Saint Germain sur Morin.<br \/>\n15 rue Carnot, 77860 Quincy-Voisins<br \/>\n01 64 63 18 20 \u201c 06 23 29 10 22<br \/>\nContact : Alain Deleu, coordinateur de l&rsquo;\u00e9quipe pastorale<br \/>\nT\u00e9l: 06 76 05 41 67\n<\/div>\n","protected":false},"excerpt":{"rendered":"<p>Une messe solennelle sera c\u00e9l\u00e9br\u00e9e le 27 avril \u00e0\u00a0 11 heures en l&rsquo;\u00e9glise Saint Georges de Couilly Pont-aux-Dames, pour f\u00eater la canonisation de Jean Paul II et Jean XXIII qui aura lieu ce jour-l\u00e0\u00a0&#46;&#46;&#46;<\/p>\n","protected":false},"author":2,"featured_media":0,"comment_status":"open","ping_status":"open","sticky":false,"template":"","format":"standard","meta":{"footnotes":""},"categories":[],"tags":[],"class_list":["post-723","post","type-post","status-publish","format-standard","hentry"],"_links":{"self":[{"href":"http:\/\/www.chapelle-crecy.com\/index.php?rest_route=\/wp\/v2\/posts\/723","targetHints":{"allow":["GET"]}}],"collection":[{"href":"http:\/\/www.chapelle-crecy.com\/index.php?rest_route=\/wp\/v2\/posts"}],"about":[{"href":"http:\/\/www.chapelle-crecy.com\/index.php?rest_route=\/wp\/v2\/types\/post"}],"author":[{"embeddable":true,"href":"http:\/\/www.chapelle-crecy.com\/index.php?rest_route=\/wp\/v2\/users\/2"}],"replies":[{"embeddable":true,"href":"http:\/\/www.chapelle-crecy.com\/index.php?rest_route=%2Fwp%2Fv2%2Fcomments&post=723"}],"version-history":[{"count":0,"href":"http:\/\/www.chapelle-crecy.com\/index.php?rest_route=\/wp\/v2\/posts\/723\/revisions"}],"wp:attachment":[{"href":"http:\/\/www.chapelle-crecy.com\/index.php?rest_route=%2Fwp%2Fv2%2Fmedia&parent=723"}],"wp:term":[{"taxonomy":"category","embeddable":true,"href":"http:\/\/www.chapelle-crecy.com\/index.php?rest_route=%2Fwp%2Fv2%2Fcategories&post=723"},{"taxonomy":"post_tag","embeddable":true,"href":"http:\/\/www.chapelle-crecy.com\/index.php?rest_route=%2Fwp%2Fv2%2Ftags&post=723"}],"curies":[{"name":"wp","href":"https:\/\/api.w.org\/{rel}","templated":true}]}}