{"id":725,"date":"2014-05-04T10:53:00","date_gmt":"2014-05-04T10:53:00","guid":{"rendered":""},"modified":"-0001-11-30T00:00:00","modified_gmt":"-0001-11-29T22:00:00","slug":"","status":"publish","type":"post","link":"http:\/\/www.chapelle-crecy.com\/?p=725","title":{"rendered":"Annonces de la semaine du 5 au 11 mai 2014"},"content":{"rendered":"<table bgcolor =\"F0FAFF\" border=0>\n<tbody>\n<tr>\n<td>\n<div align=\"justify\">\n<div \"669\">Voici les annonces de la semaine du lundi 5 mai au dimanche 11 mai 2014 pour la paroisse des 3 clochers Cr\u00e9cy-la-Chapelle, Villiers-sur-Morin, Voulangis. <br \/>\nJeudi 8 \u00e0\u00a0 11h &#8211; messe \u00e0\u00a0 Cr\u00e9cy pour les d\u00e9funts de toutes les guerres,<br \/>\nSamedi 10 \u00e0\u00a0 18 h 30 &#8211; messe \u00e0\u00a0 Voulangis.<br \/> <br \/>\nDimanche 11 \u00e0\u00a0 10 h 30 &#8211; Messe \u00e0\u00a0 Cr\u00e9cy<br \/>\nRetrouvez tous les d\u00e9tails dans la suite &#8230;<\/div>\n<\/div>\n<\/td>\n<\/tr>\n<\/tbody>\n<\/table>\n<table bgcolor =\"F0F6FF\" border=0>\n<tbody>\n<tr>\n<td width=\"25%\"><font color=\"00CC00\">Lundi 5 mai<\/font><\/td>\n<td><font color=\"00CC00\">14 h 30 &#8211;  R\u00e9union de l&rsquo;Equipe du Rosaire chez Mme LOUIS.<\/p>\n<p>17 h &#8211; C\u00e9l\u00e9bration \u00e0 la Maison de Retraite.<br \/>\n<\/font><\/td>\n<td><font color=\"00CC00\">20 h 30  Heure d&rsquo;adoration  du Saint Sacrement \u00e0 la chapelle de la Vierge.<br \/>\n<\/font><\/td>\n<\/tr>\n<tr>\n<td width=\"25%\"><font color=\"0020FF\">Mardi 6 mai<\/font><\/td>\n<td><font color=\"0020FF\">9 h &#8211; Messe \u00e0 Cr\u00e9cy pour Odette CAROUGE  et Fabrice GAUTHIER.<br \/>\n<\/font><\/td>\n<td><font color=\"0020FF\"><\/p>\n<div align=\"center\"><img decoding=\"async\" src=\"\/IMG\/lieux\/superga1.jpg\" width=150><\/div>\n<p><\/font><\/td>\n<\/tr>\n<tr>\n<td width=\"25%\"><font color=\"0E0C40\">Mercredi 7 mai<\/font><\/td>\n<td><font color=\"0E0C40\"><\/p>\n<div align=\"center\"><img decoding=\"async\" src=\"\/IMG\/lieux\/superga2.jpg\" width=150><\/div>\n<p><\/font><\/td>\n<td><font color=\"0E0C40\">9  h &#8211; Messe \u00e0 Cr\u00e9cy pour la famille CORREIA et les Ames du Purgatoire.<\/font><\/td>\n<\/tr>\n<tr>\n<td width=\"25%\"><font color=\"00CC00\">Jeudi 8 mai<br \/>\n<i>Armistice du 8 mai  1945<\/i><\/font><\/td>\n<td><font color=\"00CC00\">11 h  Messe \u00e0 Cr\u00e9cy pour les d\u00e9funts de toutes les guerres.<\/font><\/td>\n<td><font color=\"00CC00\"><\/p>\n<div align=\"center\"><img decoding=\"async\" src=\"\/IMG\/reportages\/8mai.jpg\" width=150><\/div>\n<p><\/font><\/td>\n<\/tr>\n<tr>\n<td width=\"25%\"><font color=\"0020FF\">Vendredi 9 mai<\/font><\/td>\n<td><font color=\"0020FF\"><\/p>\n<div align=\"center\"><img decoding=\"async\" src=\"\/IMG\/lieux\/superga3.jpg\" width=150><\/div>\n<\/td>\n<td><font color=\"0020FF\">9 h &#8211; Messe \u00e0 Cr\u00e9cy pour Jacqueline FERON et Claude LAUX.<\/font><\/td>\n<\/tr>\n<tr>\n<td width=\"25%\"><font color=\"0E0C40\">Samedi 10 mai<\/font><\/td>\n<td><font color=\"0E0C40\">16 h 30 &#8211; Mariage \u00e0 Voulangis de Pierre MAON et H\u00e9l\u00e8ne FRAUDET.<br \/>\n<\/font><\/td>\n<td><font color=\"0E0C40\">18 h 30  Messe \u00e0 Voulangis pour Michel LEROUX et Alain ROUILLE.<br \/>\nA partir de 18 h : NUIT DES CATHEDRALES \u00e0 Meaux<br \/>\n<\/font><\/td>\n<\/tr>\n<tr>\n<td><font color=\"00CC00\">Dimanche 11 mai<\/font><\/td>\n<td><font color=\"00CC00\"><\/p>\n<div align=\"center\"><img decoding=\"async\" src=\"\/IMG\/lieux\/stgeorges14.jpg\"  width=150><\/div>\n<p><\/font><\/td>\n<td><font color=\"00CC00\">10 h 30  Messe \u00e0 Cr\u00e9cy pour Eleazar NAHUM, Marie-Constance et Anna TCHIBOZ, ainsi que pour Edmond AGBODJOGBE.<br \/>\nNous c\u00e9l\u00e8brerons aussi le Bapt\u00eame de Mathys BOURDYOT et de Rachelle DOS SANTOS-RIBEIRO, ainsi que la  Premi\u00e8re Communion de Mathys. et de Yana\u00ebl CAILLOT et Estaban LABORDE.<br \/>\n<\/font><\/td>\n<\/tr>\n<\/tbody>\n<\/table>\n","protected":false},"excerpt":{"rendered":"<p>Voici les annonces de la semaine du lundi 5 mai au dimanche 11 mai 2014 pour la paroisse des 3 clochers Cr\u00e9cy-la-Chapelle, Villiers-sur-Morin, Voulangis. Jeudi 8 \u00e0\u00a0 11h &#8211; messe \u00e0\u00a0 Cr\u00e9cy pour les&#46;&#46;&#46;<\/p>\n","protected":false},"author":2,"featured_media":0,"comment_status":"open","ping_status":"open","sticky":false,"template":"","format":"standard","meta":{"footnotes":""},"categories":[],"tags":[],"class_list":["post-725","post","type-post","status-publish","format-standard","hentry"],"_links":{"self":[{"href":"http:\/\/www.chapelle-crecy.com\/index.php?rest_route=\/wp\/v2\/posts\/725","targetHints":{"allow":["GET"]}}],"collection":[{"href":"http:\/\/www.chapelle-crecy.com\/index.php?rest_route=\/wp\/v2\/posts"}],"about":[{"href":"http:\/\/www.chapelle-crecy.com\/index.php?rest_route=\/wp\/v2\/types\/post"}],"author":[{"embeddable":true,"href":"http:\/\/www.chapelle-crecy.com\/index.php?rest_route=\/wp\/v2\/users\/2"}],"replies":[{"embeddable":true,"href":"http:\/\/www.chapelle-crecy.com\/index.php?rest_route=%2Fwp%2Fv2%2Fcomments&post=725"}],"version-history":[{"count":0,"href":"http:\/\/www.chapelle-crecy.com\/index.php?rest_route=\/wp\/v2\/posts\/725\/revisions"}],"wp:attachment":[{"href":"http:\/\/www.chapelle-crecy.com\/index.php?rest_route=%2Fwp%2Fv2%2Fmedia&parent=725"}],"wp:term":[{"taxonomy":"category","embeddable":true,"href":"http:\/\/www.chapelle-crecy.com\/index.php?rest_route=%2Fwp%2Fv2%2Fcategories&post=725"},{"taxonomy":"post_tag","embeddable":true,"href":"http:\/\/www.chapelle-crecy.com\/index.php?rest_route=%2Fwp%2Fv2%2Ftags&post=725"}],"curies":[{"name":"wp","href":"https:\/\/api.w.org\/{rel}","templated":true}]}}