{"id":726,"date":"2014-05-08T09:18:00","date_gmt":"2014-05-08T09:18:00","guid":{"rendered":""},"modified":"-0001-11-30T00:00:00","modified_gmt":"-0001-11-29T22:00:00","slug":"","status":"publish","type":"post","link":"http:\/\/www.chapelle-crecy.com\/?p=726","title":{"rendered":"Messe du souvenir ce 8 mai 2014 \u00e0\u00a0 Cr\u00e9cy"},"content":{"rendered":"<div align=\"justify\"> La paix de Dieu pour les Nations, la paix de Dieu dans nos maisons ! C&rsquo;est en r\u00e9sum\u00e9, ce qu&rsquo;il faut retenir de l&rsquo;hom\u00e9lie du P\u00e8re Aim\u00e9 qui pr\u00e9sidait ce matin la messe du Souvenir du 8 Mai 1945, en l&rsquo;\u00e9glise Saint Georges &#8211; Saint Louis de Cr\u00e9cy-la-Chapelle. Voici la pri\u00e8re d&rsquo;Action de Gr ce, qui a \u00e9t\u00e9 prononc\u00e9e \u00e0\u00a0 la fin de cette c\u00e9r\u00e9monie tr\u00e8s priante et recueillie:<\/p>\n<div align=\"center\"><img decoding=\"async\" src=\"\/IMG\/jpg\/drapeau.jpg\" width=350><\/div>\n<div align=\"center\">\n\u00ab\u00a0Quand il enfle sous l&rsquo;Arc, aux grands anniversaires,<br \/>\nQuand l&rsquo;histoire amplifie la ferveur populaire,<br \/>\nle Drapeau tricolore enferme dans ses plis<br \/>\nl&rsquo; me de nos h\u00e9ros, tomb\u00e9s pour la Patrie.<br \/>\nEt quand tous les drapeaux s&rsquo;inclinent et saluent<br \/>\nAu pied de son tombeau, le Soldat Inconnu,<br \/>\nC&rsquo;est encore un hommage \u00e0\u00a0 tous ceux dont le coeur<br \/>\nA battu pour la France, en des temps de malheur.<br \/>\nAlors, face aux drapeaux, sous l&rsquo;Arc, et tous unis,<br \/>\nLa Nation, en chacun, redevient la Patrie.<br \/>\nEt aussi,chaque soir, pour ses Morts, en silence,<br \/>\nQuand la Flamme renait, bat le coeur de la France.\u00a0\u00bb<\/div>\n<\/p><\/div>\n<p>Pri\u00e8re universelle pr\u00e9par\u00e9e par Janine Godard:<\/p>\n<div align=\"center\"><img decoding=\"async\" src=\"\/IMG\/jpg\/8-05-1.jpg\" width=450><\/div>\n<p> 8 MAI 2014: nous nous rassemblons devant nos monuments aux Morts et dans nos paroisses pour rendre hommage \u00e0 ces dizaines de milliers d&rsquo;hommes et de femmes et d&rsquo;enfants arr\u00eat\u00e9s, pers\u00e9cut\u00e9s, s\u00e9par\u00e9s qui ont disparu dans des conditions inhumaines et inimaginables jusqu&rsquo;\u00e0 la Lib\u00e9ration de 1944.<\/p>\n<p> Prions le Seigneur afin que nous ne revivions plus ces horreurs et que les temps de Paix que nous connaissons en Europe perdurent.<\/p>\n<div align=\"center\"><img decoding=\"async\" src=\"\/IMG\/jpg\/8-05-2.jpg\" width=450><\/div>\n<p> Le fanatisme religieux, le r\u00e9veil du nationalisme menacent notre S\u00e9curit\u00e9, agissons pour que nous fassions conna \u00eetre, que la PAIX exige de chaque citoyen, jeune ou adulte, de pratiquer la Solidarit\u00e9 et la Tol\u00e9rance &#8211; cette Esp\u00e9rance verra peut \u00eatre la r\u00e9alisation de cette devise que je viens de lire:<br \/>\n \u00ab\u00a0Peuples soyez unis &#8211; Hommes soyez humains !\u00a0\u00bb<\/p>\n<p> Prions le Seigneur de nous y aider.<\/p>\n<div align=\"center\"><img decoding=\"async\" src=\"\/IMG\/jpg\/8-05-03.jpg\" width=450><\/div>\n<p> En restant fid\u00e8les au souvenir de celles et ceux qui se sont sacrifi\u00e9s, d&rsquo;o\u00f9 qu&rsquo;ils viennent, et pour ceux qui se sacrifient encore aujourd&rsquo;hui pour la Libert\u00e9, le Respect de chaque individu, demandons aux Chefs d&rsquo;Etat responsables d&rsquo;unir leurs efforts pour que leur courage ne soit pas vain et puisse servir dans un monde de Fraternit\u00e9 et de Justice.<\/p>\n<p> Prions le Seigneur de faire de nous des Ouvriers de Paix pour que dans nos villages et nos communaut\u00e9s, nous nous souvenions aussi du prix de la Libert\u00e9.  <\/p>\n","protected":false},"excerpt":{"rendered":"<p>La paix de Dieu pour les Nations, la paix de Dieu dans nos maisons ! C&rsquo;est en r\u00e9sum\u00e9, ce qu&rsquo;il faut retenir de l&rsquo;hom\u00e9lie du P\u00e8re Aim\u00e9 qui pr\u00e9sidait ce matin la messe du&#46;&#46;&#46;<\/p>\n","protected":false},"author":2,"featured_media":0,"comment_status":"open","ping_status":"open","sticky":false,"template":"","format":"standard","meta":{"footnotes":""},"categories":[],"tags":[],"class_list":["post-726","post","type-post","status-publish","format-standard","hentry"],"_links":{"self":[{"href":"http:\/\/www.chapelle-crecy.com\/index.php?rest_route=\/wp\/v2\/posts\/726","targetHints":{"allow":["GET"]}}],"collection":[{"href":"http:\/\/www.chapelle-crecy.com\/index.php?rest_route=\/wp\/v2\/posts"}],"about":[{"href":"http:\/\/www.chapelle-crecy.com\/index.php?rest_route=\/wp\/v2\/types\/post"}],"author":[{"embeddable":true,"href":"http:\/\/www.chapelle-crecy.com\/index.php?rest_route=\/wp\/v2\/users\/2"}],"replies":[{"embeddable":true,"href":"http:\/\/www.chapelle-crecy.com\/index.php?rest_route=%2Fwp%2Fv2%2Fcomments&post=726"}],"version-history":[{"count":0,"href":"http:\/\/www.chapelle-crecy.com\/index.php?rest_route=\/wp\/v2\/posts\/726\/revisions"}],"wp:attachment":[{"href":"http:\/\/www.chapelle-crecy.com\/index.php?rest_route=%2Fwp%2Fv2%2Fmedia&parent=726"}],"wp:term":[{"taxonomy":"category","embeddable":true,"href":"http:\/\/www.chapelle-crecy.com\/index.php?rest_route=%2Fwp%2Fv2%2Fcategories&post=726"},{"taxonomy":"post_tag","embeddable":true,"href":"http:\/\/www.chapelle-crecy.com\/index.php?rest_route=%2Fwp%2Fv2%2Ftags&post=726"}],"curies":[{"name":"wp","href":"https:\/\/api.w.org\/{rel}","templated":true}]}}