{"id":728,"date":"2014-05-09T01:28:00","date_gmt":"2014-05-09T01:28:00","guid":{"rendered":""},"modified":"-0001-11-30T00:00:00","modified_gmt":"-0001-11-29T22:00:00","slug":"","status":"publish","type":"post","link":"http:\/\/www.chapelle-crecy.com\/?p=728","title":{"rendered":"4\u00e8me nuit des cath\u00e9drales \u00e0\u00a0 Meaux ce samedi 10 mai"},"content":{"rendered":"<div align=\"justify\">ROME, 9 mai 2014 (Zenit.org) &#8211; La Nuit des cath\u00e9drales est organis\u00e9e pour la huiti\u00e8me ann\u00e9e cons\u00e9cutive en France (34 cath\u00e9drales y participent) et en Allemagne, ce samedi 10 mai 2014 : \u00ab un signe d&rsquo;unit\u00e9 et un signe de diversit\u00e9 culturelle et spirituelle \u00bb.<br \/>\nLes cath\u00e9drales laissent leurs portes ouvertes jusqu&rsquo;\u00e0\u00a0 minuit, samedi 10 mai, et proposent un programme culturel et spirituel vari\u00e9 avec concerts, expositions, conf\u00e9rences, spectacles, visites guid\u00e9es, m\u00e9ditations, pri\u00e8res et temps de silence.<br \/>\nLe site Internet de l&rsquo;\u00e9v\u00e9nement propose les r\u00e9trospectives des ann\u00e9es pr\u00e9c\u00e9dentes et il rappelle l&rsquo;origine de l&rsquo;initiative qui remonte \u00e0\u00a0 2007, et \u00e0\u00a0 la manifestation \u00ab\u00a0Luxembourg et Grande R\u00e9gion, capitale europ\u00e9enne de la culture\u00a0\u00bb : les cath\u00e9drales des dioc\u00e8ses de Luxembourg, Metz et Tr\u00e8ves ont alors pour la premi\u00e8re fois laiss\u00e9 leurs portes ouvertes jusqu&rsquo;\u00e0\u00a0 minuit. Un programme culturel et spirituel proposait d\u00e9j\u00e0\u00a0 concerts, expositions, conf\u00e9rences, spectacles, visites guid\u00e9es, m\u00e9ditations et temps de silence.<br \/>\nIl s&rsquo;agissait de \u00ab r\u00e9aliser un projet d&rsquo;\u00e9glise au-del\u00e0\u00a0 des fronti\u00e8res dioc\u00e9saines et nationales \u00bb et de \u00ab montrer que la culture et la spiritualit\u00e9 appartiennent bel et bien aux sources de la vie commune dans une Europe qui s&rsquo;unifie de plus en plus \u00bb.<br \/>\n\u00ab Dans chaque cath\u00e9drale participante, une \u00e9quipe s&rsquo;est charg\u00e9e ind\u00e9pendamment des autres de la pr\u00e9paration et de l&rsquo;ex\u00e9cution d&rsquo;un programme adapt\u00e9 aux besoins et possibilit\u00e9s du dioc\u00e8se en question.  La Nuit des Cath\u00e9drales devenait ainsi \u00e0\u00a0 la fois un signe d&rsquo;unit\u00e9 et un signe de diversit\u00e9 culturelle et spirituelle \u00bb, expliquent les organisateurs.<br \/>\nEt \u00e0\u00a0 Meaux, voici le programme &#8230;<\/div>\n<div align=\"center\"><img decoding=\"async\" src=\"\/IMG\/jpg\/cath1.jpg\" width=450><\/div>\n<div align=\"center\"><img decoding=\"async\" src=\"\/IMG\/jpg\/cath2.jpg\" width=450><\/div>\n<div align=\"center\"><img decoding=\"async\" src=\"\/IMG\/jpg\/cath3.jpg\" width=450><\/div>\n","protected":false},"excerpt":{"rendered":"<p>ROME, 9 mai 2014 (Zenit.org) &#8211; La Nuit des cath\u00e9drales est organis\u00e9e pour la huiti\u00e8me ann\u00e9e cons\u00e9cutive en France (34 cath\u00e9drales y participent) et en Allemagne, ce samedi 10 mai 2014 : \u00ab un&#46;&#46;&#46;<\/p>\n","protected":false},"author":2,"featured_media":0,"comment_status":"open","ping_status":"open","sticky":false,"template":"","format":"standard","meta":{"footnotes":""},"categories":[],"tags":[],"class_list":["post-728","post","type-post","status-publish","format-standard","hentry"],"_links":{"self":[{"href":"http:\/\/www.chapelle-crecy.com\/index.php?rest_route=\/wp\/v2\/posts\/728","targetHints":{"allow":["GET"]}}],"collection":[{"href":"http:\/\/www.chapelle-crecy.com\/index.php?rest_route=\/wp\/v2\/posts"}],"about":[{"href":"http:\/\/www.chapelle-crecy.com\/index.php?rest_route=\/wp\/v2\/types\/post"}],"author":[{"embeddable":true,"href":"http:\/\/www.chapelle-crecy.com\/index.php?rest_route=\/wp\/v2\/users\/2"}],"replies":[{"embeddable":true,"href":"http:\/\/www.chapelle-crecy.com\/index.php?rest_route=%2Fwp%2Fv2%2Fcomments&post=728"}],"version-history":[{"count":0,"href":"http:\/\/www.chapelle-crecy.com\/index.php?rest_route=\/wp\/v2\/posts\/728\/revisions"}],"wp:attachment":[{"href":"http:\/\/www.chapelle-crecy.com\/index.php?rest_route=%2Fwp%2Fv2%2Fmedia&parent=728"}],"wp:term":[{"taxonomy":"category","embeddable":true,"href":"http:\/\/www.chapelle-crecy.com\/index.php?rest_route=%2Fwp%2Fv2%2Fcategories&post=728"},{"taxonomy":"post_tag","embeddable":true,"href":"http:\/\/www.chapelle-crecy.com\/index.php?rest_route=%2Fwp%2Fv2%2Ftags&post=728"}],"curies":[{"name":"wp","href":"https:\/\/api.w.org\/{rel}","templated":true}]}}