{"id":729,"date":"2014-05-10T03:56:00","date_gmt":"2014-05-10T03:56:00","guid":{"rendered":""},"modified":"-0001-11-30T00:00:00","modified_gmt":"-0001-11-29T22:00:00","slug":"","status":"publish","type":"post","link":"http:\/\/www.chapelle-crecy.com\/?p=729","title":{"rendered":"St Damien de Molokai pr\u00eatre ss.cc. (1840-1889)"},"content":{"rendered":"<div align=\"justify\">\nLe 20 d\u00e9cembre 1999 Jorge Medina Est\u00e9vez, Cardinal Pr\u00e9fet de la Congr\u00e9gation du culte divin et de la discipline des sacrements, sur demande de la Conf\u00e9rence \u00e9piscopale des \u00e9tats Unis, pla\u00e7a le nom Damien, dans le calendrier liturgique, au 10 mai (jour correspondant \u00e0\u00a0 l&rsquo;arriv\u00e9e du p\u00e8re Damien \u00e0\u00a0 la l\u00e9proserie de Moloka\u00ef).<br \/>\nDe ce fait la Congr\u00e9gation des Sacr\u00e9s Coeurs de J\u00e9sus et de Marie (Picpus)  et certains pays font m\u00e9moire le 10 mai.<br \/>\nLe Martyrologe Romain et d&rsquo;autres pays le comm\u00e9morent le 15 avril (dies natalis). Faisons connaissance de ce grand saint du jour.<\/div>\n<div align=\"center\"><img decoding=\"async\" src=\"\/IMG\/jpg\/Damien.jpg\" width=450><\/div>\n<div align=\"justify\">\n Joseph De veuster, le futur P\u00e8re Damien, na \u00eet \u00e0 Tremelo, en Belgique, le 3 janvier 1840 dans une famille nombreuse d&rsquo;agriculteurs-commer\u00e7ants.<\/p>\n<p> Alors que son p\u00e8re le destine \u00e0 prendre la t\u00eate de l&rsquo;exploitation familiale, Joseph d\u00e9cide de se consacrer \u00e0 Dieu en entrant dans la Congr\u00e9gation des Sacr\u00e9s-Coeurs (dite de Picpus d&rsquo;apr\u00e8s le nom de la rue de Picpus \u00e0 Paris o\u00f9 se trouvait la maison g\u00e9n\u00e9ralice). Son fr\u00e8re Pamphile l&rsquo;y a pr\u00e9c\u00e9d\u00e9. En f\u00e9vrier 1859, il commence son noviciat \u00e0 Louvain et il prend le nom de Damien.<\/p>\n<p> En 1863, son fr\u00e8re Pamphile, qui devait partir pour la mission des  \u00eeles Hawaii, tombe malade. Les pr\u00e9paratifs du voyage ayant d\u00e9j\u00e0 \u00e9t\u00e9 faits, Damien obtient du Sup\u00e9rieur G\u00e9n\u00e9ral la permission de prendre la place de son fr\u00e8re.<\/p>\n<p> Il d\u00e9barque \u00e0 Honolulu le 19 mars 1864 o\u00f9 il est ordonn\u00e9 pr\u00eatre le 21 mai suivant. D\u00e8s son arriv\u00e9e, il se jette, corps et \u00e2me, dans la rude vie de \u00ab missionnaire itin\u00e9rant \u00bb sur l&rsquo; \u00eele d&rsquo;Hawaii, la plus grande de l&rsquo;archipel.<\/p>\n<p> Pour freiner la propagation de la l\u00e8pre, le gouvernement d\u00e9cide, en 1866, de d\u00e9porter \u00e0 Molokai, une  \u00eele voisine, tous ceux et celles qui sont atteints de ce mal alors incurable. Leur sort pr\u00e9occupe toute la mission. L&rsquo;\u00e9v\u00eaque, Mgr. Maigret, en parle \u00e0 ses pr\u00eatres. Pour ne pas les exposer \u00e0 un p\u00e9ril mortel, il ne veut y envoyer personne au nom de l&rsquo;ob\u00e9issance. Quatre missionnaires se pr\u00e9sentent: ils iront \u00e0 tour de r\u00f4le visiter et assister les malheureux l\u00e9preux dans leur d\u00e9tresse.<\/p>\n<p> Le 10 mai 1873, Damien est le premier \u00e0 partir. A sa demande et selon le d\u00e9sir des l\u00e9preux, il restera d\u00e9finitivement \u00e0 Molokai.<br \/>\nDans cet enfer du d\u00e9sespoir il apporte l&rsquo;esp\u00e9rance. Il devient le consolateur des l\u00e9preux, le pasteur, le m\u00e9decin des \u00e2mes et des corps, sans faire de distinction de race ni de religion. Il donne une voix aux sans-voix. Peu \u00e0 peu, il construit une communaut\u00e9 dans laquelle la joie d&rsquo;\u00eatre ensemble et l&rsquo;ouverture \u00e0 l&rsquo;amour de Dieu donnent de nouvelles raisons de vivre.<br \/>\nAtteint lui-m\u00eame par la maladie en 1885, il peut s&rsquo;identifier compl\u00e8tement \u00e0 eux : \u00ab Nous autres, l\u00e9preux&#8230; \u00bb<\/p>\n<p> Le P\u00e8re Damien est, avant tout, un t\u00e9moin de l&rsquo;amour de Dieu pour les hommes. Il puise sa force dans l&rsquo;Eucharistie, pr\u00e9sence de Dieu au milieu des hommes, et dans l&rsquo;adoration sans laquelle il n&rsquo;aurait jamais pu tenir : \u00ab C&rsquo;est au pied de l&rsquo;autel que nous trouvons la force n\u00e9cessaire dans notre isolement&#8230; \u00bb C&rsquo;est l\u00e0 qu&rsquo;il re\u00e7oit pour lui-m\u00eame d&rsquo;abord l&rsquo;appui et l&rsquo;encouragement, la consolation et l&rsquo;espoir qu&rsquo;il s&#8217;empresse de partager aux l\u00e9preux. Il peut alors se dire \u00ab le missionnaire le plus heureux du monde \u00bb.<\/p>\n<p> Il meurt le 15 avril 1889. Sa d\u00e9pouille mortelle est ramen\u00e9e, en 1936, en Belgique et inhum\u00e9e dans la crypte de l&rsquo;\u00e9glise des p\u00e8res des Sacr\u00e9s-Coeurs \u00e0 Louvain.<br \/>\n Sa renomm\u00e9e se r\u00e9pand dans le monde entier. Le premier proc\u00e8s en vue de sa b\u00e9atification s&rsquo;ouvre en 1938 \u00e0 Malines (Belgique).<br \/>\nLe V\u00e9n\u00e9rable  Paul VI signe, le 7 juillet 1977, le D\u00e9cret sur \u00ab l&rsquo;h\u00e9ro\u00efcit\u00e9 de ses vertus \u00bb.<\/p>\n<p> Joseph Damien De Vester a \u00e9t\u00e9 b\u00e9atifi\u00e9, \u00e0 Bruxelles, le 3 juin 1995 par Saint Jean-Paul II (Karol J\u00c3\u00b3zef Wojty\u00c5\u201aa, 1978-2005) et canonis\u00e9, \u00e0 Rome, le 11 octobre 2009, par le pape Beno \u00eet XVI.<\/p>\n<p> Pour un approfondissement biographique :<br \/>\n Saint Joseph Damien De Veuster.<br \/>\n Source principale : ssccpicpus.com\/(\u00ab R\u00e9v. x gpm \u00bb).\n<\/p><\/div>\n","protected":false},"excerpt":{"rendered":"<p>Le 20 d\u00e9cembre 1999 Jorge Medina Est\u00e9vez, Cardinal Pr\u00e9fet de la Congr\u00e9gation du culte divin et de la discipline des sacrements, sur demande de la Conf\u00e9rence \u00e9piscopale des \u00e9tats Unis, pla\u00e7a le nom Damien,&#46;&#46;&#46;<\/p>\n","protected":false},"author":2,"featured_media":0,"comment_status":"open","ping_status":"open","sticky":false,"template":"","format":"standard","meta":{"footnotes":""},"categories":[],"tags":[],"class_list":["post-729","post","type-post","status-publish","format-standard","hentry"],"_links":{"self":[{"href":"http:\/\/www.chapelle-crecy.com\/index.php?rest_route=\/wp\/v2\/posts\/729","targetHints":{"allow":["GET"]}}],"collection":[{"href":"http:\/\/www.chapelle-crecy.com\/index.php?rest_route=\/wp\/v2\/posts"}],"about":[{"href":"http:\/\/www.chapelle-crecy.com\/index.php?rest_route=\/wp\/v2\/types\/post"}],"author":[{"embeddable":true,"href":"http:\/\/www.chapelle-crecy.com\/index.php?rest_route=\/wp\/v2\/users\/2"}],"replies":[{"embeddable":true,"href":"http:\/\/www.chapelle-crecy.com\/index.php?rest_route=%2Fwp%2Fv2%2Fcomments&post=729"}],"version-history":[{"count":0,"href":"http:\/\/www.chapelle-crecy.com\/index.php?rest_route=\/wp\/v2\/posts\/729\/revisions"}],"wp:attachment":[{"href":"http:\/\/www.chapelle-crecy.com\/index.php?rest_route=%2Fwp%2Fv2%2Fmedia&parent=729"}],"wp:term":[{"taxonomy":"category","embeddable":true,"href":"http:\/\/www.chapelle-crecy.com\/index.php?rest_route=%2Fwp%2Fv2%2Fcategories&post=729"},{"taxonomy":"post_tag","embeddable":true,"href":"http:\/\/www.chapelle-crecy.com\/index.php?rest_route=%2Fwp%2Fv2%2Ftags&post=729"}],"curies":[{"name":"wp","href":"https:\/\/api.w.org\/{rel}","templated":true}]}}