{"id":730,"date":"2014-05-13T10:38:47","date_gmt":"2014-05-13T10:38:47","guid":{"rendered":""},"modified":"-0001-11-30T00:00:00","modified_gmt":"-0001-11-29T22:00:00","slug":"","status":"publish","type":"post","link":"http:\/\/www.chapelle-crecy.com\/?p=730","title":{"rendered":"13 mai \u00e2\u20ac\u201c Belle f\u00eate de Notre Dame de Fatima !"},"content":{"rendered":"<div align=\"justify\">Nous f\u00eatons aujourd&rsquo;hui, les apparitions de la Vierge Marie \u00e0\u00a0 trois jeunes bergers, au Portugal.<br \/>\nNotre Dame apparut pour la premi\u00e8re fois \u00e0\u00a0 Fatima, le 13 mai 1917, \u00e0\u00a0 Lucie, Fran\u00e7ois et Jacinthe. Nous vous proposons aujourd&rsquo;hui, en union de pri\u00e8re avec nos amis portugais et en r\u00e9citant la nouvelle [Neuvaine de St Jean-Paul II->http:\/\/boutique.labonnenouvelle.fr\/551-carte-priere-neuvaine-a-saint-jean-paul-ii.php ], l&rsquo;histoire de ces apparitions tir\u00e9e du livre \u00ab\u00a0M\u00e9moires de soeur Lucie\u00a0\u00bb, p. 165-167.<\/p>\n<p>Lucie, devenue carm\u00e9lite, raconte :<\/p><\/div>\n<p> [Lucie, Fran\u00e7ois et Jacinthe s&rsquo;amusaient \u00e0 construire un mur autour d&rsquo;un buisson, quand tout \u00e0 coup ils virent un \u00e9clair. Pensant qu&rsquo;un orage se pr\u00e9parait, ils rassembl\u00e8rent leur troupeau pour le ramener \u00e0 la maison. Un second \u00e9clair se produisit et,]<br \/>\n \u00ab Nous v \u00eemes, sur un petit ch\u00eane-vert, une Dame tout habill\u00e9e de blanc, plus brillante que le soleil, irradiant une lumi\u00e8re plus claire et plus intense qu&rsquo;un verre de cristal rempli d&rsquo;eau cristalline, travers\u00e9 par les rayons du soleil le plus ardent. Nous nous arr\u00eat\u00e2mes surpris par cette apparition. Nous \u00e9tions si pr\u00e8s que nous \u00e9tions dans la lumi\u00e8re qui l&rsquo;entourait, ou plut\u00f4t qui \u00e9manait d&rsquo;Elle, peut-\u00eatre \u00e0 un m\u00e8tre et demi de distance, plus ou moins \u00bb.<br \/>\nAlors Notre-Dame nous dit :<br \/>\n &#8211; N&rsquo;ayez pas peur, je ne vous ferai aucun mal.<br \/>\n &#8211; D&rsquo;o\u00f9 venez-vous, Madame ? Lui demandai-je. &#8211; Je suis du Ciel.<br \/>\n &#8211; Et que voulez-vous de moi ?<br \/>\n &#8211; Je viens vous demander de revenir ici \u00e0 cette m\u00eame heure, le 13, pendant six mois cons\u00e9cutifs. Ensuite, je dirai qui je suis et ce que je veux. Je reviendrai encore une septi\u00e8me fois. \u00bb<br \/>\n &#8211; Est-ce que j&rsquo;irai aussi au ciel ?<br \/>\n &#8211; Oui, tu iras<br \/>\n &#8211; Et Jacinthe ?<br \/>\n &#8211; Oui<br \/>\n &#8211; Et Fran\u00e7ois ?<br \/>\n &#8211; Aussi, mais il devra r\u00e9citer beaucoup de chapelets.<br \/>\n Je me souvins alors de poser une question au sujet de deux jeunes filles qui \u00e9taient mortes depuis peu. Elles \u00e9taient mes amies et elles venaient \u00e0 la maison apprendre \u00e0 tisser avec ma soeur a \u00een\u00e9e.<br \/>\n &#8211; Est-ce que Maria das Neves est d\u00e9j\u00e0 au ciel<br \/>\n &#8211; Oui, elle y est.<br \/>\n &#8211; Et Am\u00e9lia ?<br \/>\n &#8211; Elle sera au purgatoire jusqu&rsquo;\u00e0 la fin du monde.<br \/>\n Il me semble qu&rsquo;elle devait avoir entre 18 et 20 ans.<br \/>\n &#8211; Voulez-vous vous offrir \u00e0 Dieu pour supporter toutes les souffrances qu&rsquo;il voudra vous envoyer, en acte de r\u00e9paration pour les p\u00e9ch\u00e9s et pour la conversion des p\u00e9cheurs ?<br \/>\n &#8211; Nous le voulons.<br \/>\n &#8211; Vous aurez alors beaucoup \u00e0 souffrir, mais la gr\u00e2ce de Dieu sera votre force !<br \/>\n C&rsquo;est en pronon\u00e7ant ces derni\u00e8res paroles (la gr\u00e2ce de Dieu, etc.) qu&rsquo;Elle ouvrit pour la premi\u00e8re fois les mains, et nous communiqua, comme par un reflet qui \u00e9manait d&rsquo;elles, une lumi\u00e8re si intense que, p\u00e9n\u00e9trant notre coeur et jusqu&rsquo;au plus profond de notre \u00e2me, elle nous faisait nous voir nous-m\u00eames en Dieu qui \u00e9tait cette lumi\u00e8re, plus clairement que nous nous voyions dans le meilleur des miroirs. Alors, par une impulsion int\u00e9rieure qui nous \u00e9tait communiqu\u00e9e, nous tomb\u00e2mes \u00e0 genoux et nous r\u00e9p\u00e9tions int\u00e9rieurement :<br \/>\n &#8211; \u00ab \u00f4 tr\u00e8s Sainte Trinit\u00e9, je vous adore. Mon Dieu, mon Dieu, je vous aime dans le Tr\u00e8s Sacrement&#8230; \u00bb.<br \/>\n Les premiers moments pass\u00e9s, Notre Dame ajouta :<br \/>\n &#8211; Priez le chapelet tous les jours pour la paix dans le monde et pour la fin de la guerre ! \u00a0\u00bb<\/p>\n<div align=\"center\"><img decoding=\"async\" src=\"\/IMG\/jpg\/neuvaineJPII.jpg\" width=350><\/div>\n<p> Le 13 mai 1981, souvenons-nous:<br \/>\n Il y a 33 ans, attentat place Saint-Pierre&#8230; Il y a 33 ans, \u00e0 17 h 17, la place Saint-Pierre, lors de l&rsquo;audience hebdomadaire, saint Jean-Paul II \u00e9tait victime de l&rsquo;attentat qui aurait d\u00fb lui co\u00fbter la vie.<br \/>\n En effet, le 13 mai 1981, \u00e0 17 h 17, la main d&rsquo;Ali Ag\u00e7a a tir\u00e9 mais \u00ab\u00a0une autre\u00a0\u00bb a d\u00e9vi\u00e9 la balle, selon l&rsquo;analyse de Jean-Paul II lui m\u00eame, qui voit l\u00e0 une intervention de la Vierge Marie : c&rsquo;\u00e9tait la f\u00eate de Notre-Dame de Fatima. Apr\u00e8s l&rsquo;attentat, le pape s&rsquo;est fait apporter le troisi\u00e8me secret de Fatima, et il a permis qu&rsquo;il soit publi\u00e9 en l&rsquo;an 2000 \u00e0 Fatima, lors de la b\u00e9atification des pastoureaux Jacinta et Francisco : le message de la Vierge, confi\u00e9 \u00e0 la troisi\u00e8me voyante, Lucie. A l&rsquo;occasion de ce voyage, le pape a offert \u00e0 la Vierge de Fatima l&rsquo;anneau que le cardinal Stefan Wyszynski lui avait offert. Il avait auparavant donn\u00e9 au sanctuaire une des balles qui l&rsquo;a frapp\u00e9 et elle a \u00e9t\u00e9 sertie dans la couronne de la statue de la Vierge. Le pape Jean-Paul II a invit\u00e9 les fid\u00e8les \u00e0 prier Marie et \u00e0 c\u00e9l\u00e9brer cette f\u00eate, qu&rsquo;il a voulu inscrire au calendrier universel, en disant : \u00ab\u00a0Je vous encourage \u00e0 vous adresser sans cesse et avec confiance \u00e0 Marie, et \u00e0 lui confier vos voeux\u00a0\u00bb.<br \/>\n Article paru dans Z\u00e9nit le 13 mai 2004<\/p>\n","protected":false},"excerpt":{"rendered":"<p>Nous f\u00eatons aujourd&rsquo;hui, les apparitions de la Vierge Marie \u00e0\u00a0 trois jeunes bergers, au Portugal. Notre Dame apparut pour la premi\u00e8re fois \u00e0\u00a0 Fatima, le 13 mai 1917, \u00e0\u00a0 Lucie, Fran\u00e7ois et Jacinthe. Nous&#46;&#46;&#46;<\/p>\n","protected":false},"author":2,"featured_media":0,"comment_status":"open","ping_status":"open","sticky":false,"template":"","format":"standard","meta":{"footnotes":""},"categories":[],"tags":[],"class_list":["post-730","post","type-post","status-publish","format-standard","hentry"],"_links":{"self":[{"href":"http:\/\/www.chapelle-crecy.com\/index.php?rest_route=\/wp\/v2\/posts\/730","targetHints":{"allow":["GET"]}}],"collection":[{"href":"http:\/\/www.chapelle-crecy.com\/index.php?rest_route=\/wp\/v2\/posts"}],"about":[{"href":"http:\/\/www.chapelle-crecy.com\/index.php?rest_route=\/wp\/v2\/types\/post"}],"author":[{"embeddable":true,"href":"http:\/\/www.chapelle-crecy.com\/index.php?rest_route=\/wp\/v2\/users\/2"}],"replies":[{"embeddable":true,"href":"http:\/\/www.chapelle-crecy.com\/index.php?rest_route=%2Fwp%2Fv2%2Fcomments&post=730"}],"version-history":[{"count":0,"href":"http:\/\/www.chapelle-crecy.com\/index.php?rest_route=\/wp\/v2\/posts\/730\/revisions"}],"wp:attachment":[{"href":"http:\/\/www.chapelle-crecy.com\/index.php?rest_route=%2Fwp%2Fv2%2Fmedia&parent=730"}],"wp:term":[{"taxonomy":"category","embeddable":true,"href":"http:\/\/www.chapelle-crecy.com\/index.php?rest_route=%2Fwp%2Fv2%2Fcategories&post=730"},{"taxonomy":"post_tag","embeddable":true,"href":"http:\/\/www.chapelle-crecy.com\/index.php?rest_route=%2Fwp%2Fv2%2Ftags&post=730"}],"curies":[{"name":"wp","href":"https:\/\/api.w.org\/{rel}","templated":true}]}}