{"id":731,"date":"2014-05-16T09:17:00","date_gmt":"2014-05-16T09:17:00","guid":{"rendered":""},"modified":"-0001-11-30T00:00:00","modified_gmt":"-0001-11-29T22:00:00","slug":"","status":"publish","type":"post","link":"http:\/\/www.chapelle-crecy.com\/?p=731","title":{"rendered":"Osez la couleur la nouvelle collection de MH-DECO"},"content":{"rendered":"<div align=\"justify\">\u00ab  Je patine  souvent en  gris et en taupe, et le printemps arrivant, je rajoute des couleurs \u00e0\u00a0 ma palette (orange, vert anis, aubergine.) ; \u00e7a tombe bien ! ces couleurs s&rsquo;accommodent avec le vintage qui revient \u00e0\u00a0 la mode \u00bb nous dit  Marie-H\u00e9l\u00e8ne. Avec son savoir-faire exceptionnel dans le domaine de l&rsquo;artisanat d&rsquo;art et de nombreuses ann\u00e9es  d&rsquo;exp\u00e9rience dans le \u00ab relooking \u00bb des meubles oubli\u00e9s,  Marie-H\u00e9l\u00e8ne Aub\u00e9, nous invite chez elle, 4, ruelle oiselard, \u00e0\u00a0 Bouleurs, les vendredi 16 mai de 10h \u00e0\u00a0 20h et samedi 17 mai de 10h \u00e0\u00a0 18h.\n<\/div>\n<div align=\"center\"><img decoding=\"async\" src=\"\/IMG\/jpg\/MH-DECO.jpg\" width=450><\/div>\n<p> Venez donc nombreux au 4, Ruelle Oiselard \u00e0 Bouleurs d\u00e9couvrir sa toute nouvelle collection, haute en couleurs. Vous avez la nostalgie des ann\u00e9es 70 ou bien vous souhaitez r\u00e9-\u00e9quiper votre maison de vacances en bord de mer, ou alors vous aimeriez bercer vos petits-enfants dans un  lit \u00e0 bascule comme quand vous aviez 2 ans ? Tout, vous trouverez  tout ce que vous avez imagin\u00e9 chez MH-DECO : table basse de salon patin\u00e9e \u00e0 l&rsquo;ancienne , bureau avec un faux-cuir rouge, si\u00e8ge orang\u00e9, tabouret original, meubles industriels fabriqu\u00e9s \u00e0 partir de palettes SNCF et de fer forg\u00e9 noir, commode aux 4 tiroirs multicolores, paravent laiss\u00e9 \u00ab dons son jus \u00bb, etc. Marie-H\u00e9l\u00e8ne rend vraiment la vie \u00e0 des ouvrages anciens qu&rsquo;elle a chin\u00e9s au gr\u00e8s des brocantes. Quand le bois lui \u00ab parle \u00bb, dans le respect des traditions, \u00e0 l&rsquo;aide de mati\u00e8res naturelles et en utilisant des mat\u00e9riaux et techniques modernes, avec une bonne dose de cr\u00e9ativit\u00e9 et d&rsquo;imagination, Marie-H\u00e9l\u00e8ne fait chanter les couleurs et le bois.<br \/>\n Venez voir son admirable collection le week-end prochain, vous ne serez pas d\u00e9\u00e7us ! Visitez le site www.m-hdeco.fr pour vous donner une id\u00e9e ou \u00e9crivez \u00e0 mheleneaube@orange.fr ou appelez au 06 83 11 05 38 pour avoir plus d&rsquo;informations.<br \/>\n Attention, tr\u00e8s important ! Elle accueille tous vos meubles que vous souhaitez  transformer.<\/p>\n","protected":false},"excerpt":{"rendered":"<p>\u00ab Je patine souvent en gris et en taupe, et le printemps arrivant, je rajoute des couleurs \u00e0\u00a0 ma palette (orange, vert anis, aubergine.) ; \u00e7a tombe bien ! ces couleurs s&rsquo;accommodent avec le&#46;&#46;&#46;<\/p>\n","protected":false},"author":2,"featured_media":0,"comment_status":"open","ping_status":"open","sticky":false,"template":"","format":"standard","meta":{"footnotes":""},"categories":[],"tags":[],"class_list":["post-731","post","type-post","status-publish","format-standard","hentry"],"_links":{"self":[{"href":"http:\/\/www.chapelle-crecy.com\/index.php?rest_route=\/wp\/v2\/posts\/731","targetHints":{"allow":["GET"]}}],"collection":[{"href":"http:\/\/www.chapelle-crecy.com\/index.php?rest_route=\/wp\/v2\/posts"}],"about":[{"href":"http:\/\/www.chapelle-crecy.com\/index.php?rest_route=\/wp\/v2\/types\/post"}],"author":[{"embeddable":true,"href":"http:\/\/www.chapelle-crecy.com\/index.php?rest_route=\/wp\/v2\/users\/2"}],"replies":[{"embeddable":true,"href":"http:\/\/www.chapelle-crecy.com\/index.php?rest_route=%2Fwp%2Fv2%2Fcomments&post=731"}],"version-history":[{"count":0,"href":"http:\/\/www.chapelle-crecy.com\/index.php?rest_route=\/wp\/v2\/posts\/731\/revisions"}],"wp:attachment":[{"href":"http:\/\/www.chapelle-crecy.com\/index.php?rest_route=%2Fwp%2Fv2%2Fmedia&parent=731"}],"wp:term":[{"taxonomy":"category","embeddable":true,"href":"http:\/\/www.chapelle-crecy.com\/index.php?rest_route=%2Fwp%2Fv2%2Fcategories&post=731"},{"taxonomy":"post_tag","embeddable":true,"href":"http:\/\/www.chapelle-crecy.com\/index.php?rest_route=%2Fwp%2Fv2%2Ftags&post=731"}],"curies":[{"name":"wp","href":"https:\/\/api.w.org\/{rel}","templated":true}]}}