{"id":734,"date":"2014-05-17T01:01:00","date_gmt":"2014-05-17T01:01:00","guid":{"rendered":""},"modified":"-0001-11-30T00:00:00","modified_gmt":"-0001-11-29T22:00:00","slug":"","status":"publish","type":"post","link":"http:\/\/www.chapelle-crecy.com\/?p=734","title":{"rendered":"Pr\u00e9parez vos coeurs pour Pentec\u00f4te 2014 \u00e0\u00a0 Coulommiers"},"content":{"rendered":"<div align=\"justify\">Comme tous les ans pour la Pentec te depuis 6 ans, le P\u00f4le de Coulommiers organise un week-end de louange, d&rsquo;enseignement, d&rsquo;adoration, de confessions et le dimanche midi, un barbecue g\u00e9ant sur le parvis de l&rsquo;\u00e9glise St-Denys.<\/p>\n<p>Cette ann\u00e9e \u00e0\u00a0 la demande de l&rsquo;\u00e9v\u00eaque de Seine et Marne Mgr Jean-Yves Nahmias, la semaine qui pr\u00e9c\u00e8de la pentec te sera ponctu\u00e9e chaque jour par des animations et des pri\u00e8res tourn\u00e9es vers une cause sp\u00e9ciale pour rejoindre nos fr\u00e8res et soeurs et leur annoncer l&rsquo;amour de Dieu manifest\u00e9 en J\u00e9sus-Christ. Voici dans la suite de cet article le programme complet des festivit\u00e9s de Pentec te 2014 \u00e0\u00a0 Coulommiers du 2 au 9 juin.<\/p><\/div>\n<p>&#8211;          Journ\u00e9e consacr\u00e9e aux malades avec messe pour les malades le lundi 2 juin,<\/p>\n<p> &#8211;          Soutenir les personnes dans le deuil avec messe et temps de pri\u00e8re pour les d\u00e9funts le mardi 3 juin,<\/p>\n<p> &#8211;          F\u00eate des enfants avec jeux, go\u00fbter et spectacle biblique le mercredi 4 juin,<\/p>\n<p> &#8211;          Conf\u00e9rence-d\u00e9bat ouverte \u00e0 tous avec des acteurs chr\u00e9tiens de la vie \u00e9conomique et sociale le jeudi 5 juin<\/p>\n<p> &#8211;          F\u00eate pour les jeunes avec notre \u00e9v\u00eaque le vendredi 6 juin au soir,<\/p>\n<p> &#8211;          Grande journ\u00e9e d&rsquo;\u00e9vang\u00e9lisation suivie d&rsquo;une veill\u00e9e de pri\u00e8re et de louange le samedi 7 juin<\/p>\n<p> &#8211;          F\u00c3\u0160TE DE LA PENTECTE avec la messe du dimanche 8 pr\u00e9sid\u00e9e par l&rsquo;\u00e9v\u00eaque de Meaux suivie d&rsquo;un barbecue g\u00e9ant et d&rsquo;un spectacle l&rsquo;apr\u00e8s-midi.<\/p>\n<div align=\"center\"><img decoding=\"async\" src=\"\/IMG\/jpg\/PentecoteCoulommiers2.jpg\" width=480><\/div>\n","protected":false},"excerpt":{"rendered":"<p>Comme tous les ans pour la Pentec te depuis 6 ans, le P\u00f4le de Coulommiers organise un week-end de louange, d&rsquo;enseignement, d&rsquo;adoration, de confessions et le dimanche midi, un barbecue g\u00e9ant sur le parvis&#46;&#46;&#46;<\/p>\n","protected":false},"author":2,"featured_media":0,"comment_status":"open","ping_status":"open","sticky":false,"template":"","format":"standard","meta":{"footnotes":""},"categories":[],"tags":[],"class_list":["post-734","post","type-post","status-publish","format-standard","hentry"],"_links":{"self":[{"href":"http:\/\/www.chapelle-crecy.com\/index.php?rest_route=\/wp\/v2\/posts\/734","targetHints":{"allow":["GET"]}}],"collection":[{"href":"http:\/\/www.chapelle-crecy.com\/index.php?rest_route=\/wp\/v2\/posts"}],"about":[{"href":"http:\/\/www.chapelle-crecy.com\/index.php?rest_route=\/wp\/v2\/types\/post"}],"author":[{"embeddable":true,"href":"http:\/\/www.chapelle-crecy.com\/index.php?rest_route=\/wp\/v2\/users\/2"}],"replies":[{"embeddable":true,"href":"http:\/\/www.chapelle-crecy.com\/index.php?rest_route=%2Fwp%2Fv2%2Fcomments&post=734"}],"version-history":[{"count":0,"href":"http:\/\/www.chapelle-crecy.com\/index.php?rest_route=\/wp\/v2\/posts\/734\/revisions"}],"wp:attachment":[{"href":"http:\/\/www.chapelle-crecy.com\/index.php?rest_route=%2Fwp%2Fv2%2Fmedia&parent=734"}],"wp:term":[{"taxonomy":"category","embeddable":true,"href":"http:\/\/www.chapelle-crecy.com\/index.php?rest_route=%2Fwp%2Fv2%2Fcategories&post=734"},{"taxonomy":"post_tag","embeddable":true,"href":"http:\/\/www.chapelle-crecy.com\/index.php?rest_route=%2Fwp%2Fv2%2Ftags&post=734"}],"curies":[{"name":"wp","href":"https:\/\/api.w.org\/{rel}","templated":true}]}}