{"id":741,"date":"2014-06-02T06:31:37","date_gmt":"2014-06-02T06:31:37","guid":{"rendered":""},"modified":"-0001-11-30T00:00:00","modified_gmt":"-0001-11-29T22:00:00","slug":"","status":"publish","type":"post","link":"http:\/\/www.chapelle-crecy.com\/?p=741","title":{"rendered":"Vous aimez bricoler ?"},"content":{"rendered":"<div align=\"justify\">\nLe SECOURS CATHOLIQUE DE CR\u00e9CY LA CHAPELLE a besoin de vos talents.<\/p>\n<p>Nous allons d\u00e9m\u00e9nager pour un local plus grand et mieux adapt\u00e9 \u00e0\u00a0 nos activit\u00e9s, en plein centre de Cr\u00e9cy sur la Place du March\u00e9. Mais il demande des am\u00e9nagements. Vous \u00eates bricoleur ou capable, de peindre, de poser une \u00e9tag\u00e8re, un lino etc.<\/p>\n<p>Vos comp\u00e9tences nous int\u00e9ressent !<\/p>\n<p>Vous voulez conna\u00eetre la joie de faire un acte gratuit pour une cause g\u00e9n\u00e9reuse au profit des familles d\u00e9munies de notre commune?<\/p>\n<p>Alors n&rsquo;h\u00e9sitez pas ! Venez rejoindre notre projet.<br \/>\nContactez Alain:<br \/>\nT\u00e9l: 06.30.42.34.58<br \/>\nE-mail:  sc77.crecy@sfr.fr<\/p><\/div>\n","protected":false},"excerpt":{"rendered":"<p>Le SECOURS CATHOLIQUE DE CR\u00e9CY LA CHAPELLE a besoin de vos talents. Nous allons d\u00e9m\u00e9nager pour un local plus grand et mieux adapt\u00e9 \u00e0\u00a0 nos activit\u00e9s, en plein centre de Cr\u00e9cy sur la Place&#46;&#46;&#46;<\/p>\n","protected":false},"author":2,"featured_media":0,"comment_status":"open","ping_status":"open","sticky":false,"template":"","format":"standard","meta":{"footnotes":""},"categories":[],"tags":[],"class_list":["post-741","post","type-post","status-publish","format-standard","hentry"],"_links":{"self":[{"href":"http:\/\/www.chapelle-crecy.com\/index.php?rest_route=\/wp\/v2\/posts\/741","targetHints":{"allow":["GET"]}}],"collection":[{"href":"http:\/\/www.chapelle-crecy.com\/index.php?rest_route=\/wp\/v2\/posts"}],"about":[{"href":"http:\/\/www.chapelle-crecy.com\/index.php?rest_route=\/wp\/v2\/types\/post"}],"author":[{"embeddable":true,"href":"http:\/\/www.chapelle-crecy.com\/index.php?rest_route=\/wp\/v2\/users\/2"}],"replies":[{"embeddable":true,"href":"http:\/\/www.chapelle-crecy.com\/index.php?rest_route=%2Fwp%2Fv2%2Fcomments&post=741"}],"version-history":[{"count":0,"href":"http:\/\/www.chapelle-crecy.com\/index.php?rest_route=\/wp\/v2\/posts\/741\/revisions"}],"wp:attachment":[{"href":"http:\/\/www.chapelle-crecy.com\/index.php?rest_route=%2Fwp%2Fv2%2Fmedia&parent=741"}],"wp:term":[{"taxonomy":"category","embeddable":true,"href":"http:\/\/www.chapelle-crecy.com\/index.php?rest_route=%2Fwp%2Fv2%2Fcategories&post=741"},{"taxonomy":"post_tag","embeddable":true,"href":"http:\/\/www.chapelle-crecy.com\/index.php?rest_route=%2Fwp%2Fv2%2Ftags&post=741"}],"curies":[{"name":"wp","href":"https:\/\/api.w.org\/{rel}","templated":true}]}}