{"id":743,"date":"2014-06-05T18:51:47","date_gmt":"2014-06-05T18:51:47","guid":{"rendered":""},"modified":"-0001-11-30T00:00:00","modified_gmt":"-0001-11-29T22:00:00","slug":"","status":"publish","type":"post","link":"http:\/\/www.chapelle-crecy.com\/?p=743","title":{"rendered":"Lundi de Pentec\u00f4te \u00e0\u00a0 Cr\u00e9cy de 20h30 \u00e0\u00a0 22h00 f\u00eatons l&rsquo;Esprit Saint"},"content":{"rendered":"<div align=\"justify\">La paroisse de Cr\u00e9cy vous propose une soir\u00e9e sp\u00e9ciale \u00e0\u00a0 l&rsquo;\u00e9glise St Georges de Cr\u00e9cy:<br \/>\n&#8211; un temps de louanges<br \/>\n&#8211; un temps de partage sur un texte des actes des ap\u00f4tres<br \/>\n&#8211; un temps de d\u00e9marche et de recueillement aupr\u00e8s d&rsquo;une ic ne ou du Saint Sacrement<br \/>\nVenez nombreux \u00e0\u00a0 cette soir\u00e9e exceptionnelle. Venez recevoir les dons de la Pentec te:<br \/>\nsagesse, intelligence, force, conseil, crainte de Dieu et affection filiale.<br \/>\nEt voici ce que produit l&rsquo;Esprit: amour, joie, paix, patience, bont\u00e9, bienveillance, foi, humilit\u00e9 et ma\u00eetrise de soi.<br \/>\nOn vous attend !!!\n<\/div>\n","protected":false},"excerpt":{"rendered":"<p>La paroisse de Cr\u00e9cy vous propose une soir\u00e9e sp\u00e9ciale \u00e0\u00a0 l&rsquo;\u00e9glise St Georges de Cr\u00e9cy: &#8211; un temps de louanges &#8211; un temps de partage sur un texte des actes des ap\u00f4tres &#8211; un&#46;&#46;&#46;<\/p>\n","protected":false},"author":2,"featured_media":0,"comment_status":"open","ping_status":"open","sticky":false,"template":"","format":"standard","meta":{"footnotes":""},"categories":[],"tags":[],"class_list":["post-743","post","type-post","status-publish","format-standard","hentry"],"_links":{"self":[{"href":"http:\/\/www.chapelle-crecy.com\/index.php?rest_route=\/wp\/v2\/posts\/743","targetHints":{"allow":["GET"]}}],"collection":[{"href":"http:\/\/www.chapelle-crecy.com\/index.php?rest_route=\/wp\/v2\/posts"}],"about":[{"href":"http:\/\/www.chapelle-crecy.com\/index.php?rest_route=\/wp\/v2\/types\/post"}],"author":[{"embeddable":true,"href":"http:\/\/www.chapelle-crecy.com\/index.php?rest_route=\/wp\/v2\/users\/2"}],"replies":[{"embeddable":true,"href":"http:\/\/www.chapelle-crecy.com\/index.php?rest_route=%2Fwp%2Fv2%2Fcomments&post=743"}],"version-history":[{"count":0,"href":"http:\/\/www.chapelle-crecy.com\/index.php?rest_route=\/wp\/v2\/posts\/743\/revisions"}],"wp:attachment":[{"href":"http:\/\/www.chapelle-crecy.com\/index.php?rest_route=%2Fwp%2Fv2%2Fmedia&parent=743"}],"wp:term":[{"taxonomy":"category","embeddable":true,"href":"http:\/\/www.chapelle-crecy.com\/index.php?rest_route=%2Fwp%2Fv2%2Fcategories&post=743"},{"taxonomy":"post_tag","embeddable":true,"href":"http:\/\/www.chapelle-crecy.com\/index.php?rest_route=%2Fwp%2Fv2%2Ftags&post=743"}],"curies":[{"name":"wp","href":"https:\/\/api.w.org\/{rel}","templated":true}]}}