{"id":744,"date":"2014-06-06T21:44:57","date_gmt":"2014-06-06T21:44:57","guid":{"rendered":""},"modified":"-0001-11-30T00:00:00","modified_gmt":"-0001-11-29T22:00:00","slug":"","status":"publish","type":"post","link":"http:\/\/www.chapelle-crecy.com\/?p=744","title":{"rendered":"Annonces de la semaine du 9 au 15 juin 2014"},"content":{"rendered":"<table bgcolor =\"F0FAFF\" border=0>\n<tbody>\n<tr>\n<td>\n<div align=\"justify\">\n<div \"689\">Voici les annonces de la semaine du lundi 9 au dimanche 15 juin 2014 pour la paroisse des 3 clochers Cr\u00e9cy-la-Chapelle, Villiers-sur-Morin, Voulangis. <br \/>\nSamedi 14 \u00e0\u00a0 18 h 30 &#8211; messe \u00e0\u00a0 Voulangis.<br \/> <br \/>\nDimanche 15 \u00e0\u00a0 10 h 30 &#8211; Messe \u00e0\u00a0 la coll\u00e9giale.<br \/>\nRetrouvez tous les d\u00e9tails dans la suite &#8230;<\/div>\n<\/div>\n<\/td>\n<\/tr>\n<\/tbody>\n<\/table>\n<table bgcolor =\"F0F6FF\" border=0>\n<tbody>\n<tr>\n<td>\n<div align=\"justify\">La Messe de ce samedi 7 a \u00e9t\u00e9  c\u00e9l\u00e9br\u00e9e pour Germaine VERNILLET et Henri<br \/>\nCORPECHOT.<br \/>\nDimanche 8, \u00e0 10 h30,  Solennit\u00e9 de PENTECOTE, Messe de Profession de Foi \u00e0 la Coll\u00e9giale. Elle est \u00e9galement c\u00e9l\u00e9br\u00e9e pour Lucienne ALBINET et Claudie<br \/>\nSIMON, et nous prierons aussi pour Th\u00e9r\u00e8se LEPAN, inhum\u00e9e vendredi \u00e0 Cr\u00e9cy.<\/div>\n<\/td>\n<\/tr>\n<\/tbody>\n<\/table>\n<table bgcolor =\"F0F6FF\" border=0>\n<tbody>\n<tr>\n<td width=\"25%\"><font color=\"00CC00\">Lundi 9 juin<\/font><\/td>\n<td><font color=\"00CC00\">17 h &#8211; Messe de Pentec\u00f4te \u00e0 la Maison de Retraite, c\u00e9l\u00e9br\u00e9e pour Nicole DELLA NEGRA.<br \/>\n<\/font><\/td>\n<td><font color=\"00CC00\">20 h 30  \u00e0 22 h  Veill\u00e9e de Pentec\u00f4te \u00e0 l&rsquo;\u00e9glise de Cr\u00e9cy.<br \/>\n<\/font><\/td>\n<\/tr>\n<tr>\n<td width=\"25%\"><font color=\"0E0C40\">Mercredi 11 juin<\/font><\/td>\n<td><font color=\"0E0C40\">9 h &#8211; Messe \u00e0 Cr\u00e9cy pour Simone CADELLE et Paule THOMAS.<\/font><\/td>\n<td><font color=\"0E0C40\"><\/p>\n<div align=\"center\"><img decoding=\"async\" src=\"\/IMG\/lieux\/voulangis_tableau1.jpg\"  width=150><\/font><\/td>\n<\/tr>\n<tr>\n<td width=\"25%\"><font color=\"00CC00\">Jeudi 12 juin<\/font><\/td>\n<td><font color=\"00CC00\"><\/p>\n<div align=\"center\"><img decoding=\"async\" src=\"\/IMG\/lieux\/voulangis_tableau2.jpg\"  width=150><\/font><\/td>\n<td><font color=\"00CC00\">18 h &#8211; Messe \u00e0  Cr\u00e9cy pour Roger COLLE et  Andr\u00e9 GIVERNE.<\/font><\/td>\n<\/tr>\n<tr>\n<td width=\"25%\"><font color=\"0020FF\">Vendredi 13 juin<\/font><\/td>\n<td><font color=\"0020FF\">9 h &#8211;  Messe \u00e0  Cr\u00e9cy pour Jean-Charles POTEL et Chantal DUBOIS.<\/font><\/td>\n<td><font color=\"0020FF\">20 h &#8211; R\u00e9union de Cat\u00e9chum\u00e9nat Adultes \u00e0 la salle paroissiale.\n<\/td>\n<\/tr>\n<tr>\n<td width=\"25%\"><font color=\"0E0C40\">Samedi 14 juin<\/font><\/td>\n<td><font color=\"0E0C40\">16 h  A la Coll\u00e9giale, mariage de Christophe GRAZIANO et Jessica THEVENIN.<br \/>\n<\/font><\/td>\n<td><font color=\"0E0C40\">18 h 30  Messe \u00e0 Voulangis pour Jean ROSIER, ainsi que Maryvonne et Claude PAVEAU.<\/font><\/td>\n<\/tr>\n<tr>\n<td><font color=\"00CC00\">Dimanche 15 juin<\/font><\/td>\n<td><font color=\"00CC00\">10 h 30   Solennit\u00e9 de la SAINTE TRINITE,  Messe \u00e0 la coll\u00e9giale, pour Henriette GOBERT et Bernard  GAILLOT. Nous c\u00e9l\u00e9brerons aussi le Bapt\u00eame de No\u00ebmi et Chlo\u00e9 BOULET et de No\u00e9 CHAUVET. Ce sera \u00e9galement la Premi\u00e8re Communion de Lud\u00e9ric HODGES.<\/font><\/td>\n<td><font color=\"00CC00\"><\/p>\n<div align=\"center\"><img decoding=\"async\" src=\"\/IMG\/lieux\/collegiale3.jpg\"  width=150><\/div>\n<p><\/font><\/td>\n<\/tr>\n<\/tbody>\n<\/table>\n<table bgcolor =\"F0F6FF\" border=0>\n<tbody>\n<tr>\n<td width=\"25%\">Qu\u00eate sp\u00e9ciale \u00e0 la fin des messes de ce samedi 14 et dimanche15 pour le DENIER DE SAINT PIERRE.<\/td>\n<\/tr>\n<\/tbody>\n<\/table>\n","protected":false},"excerpt":{"rendered":"<p>Voici les annonces de la semaine du lundi 9 au dimanche 15 juin 2014 pour la paroisse des 3 clochers Cr\u00e9cy-la-Chapelle, Villiers-sur-Morin, Voulangis. Samedi 14 \u00e0\u00a0 18 h 30 &#8211; messe \u00e0\u00a0 Voulangis. Dimanche&#46;&#46;&#46;<\/p>\n","protected":false},"author":2,"featured_media":0,"comment_status":"open","ping_status":"open","sticky":false,"template":"","format":"standard","meta":{"footnotes":""},"categories":[],"tags":[],"class_list":["post-744","post","type-post","status-publish","format-standard","hentry"],"_links":{"self":[{"href":"http:\/\/www.chapelle-crecy.com\/index.php?rest_route=\/wp\/v2\/posts\/744","targetHints":{"allow":["GET"]}}],"collection":[{"href":"http:\/\/www.chapelle-crecy.com\/index.php?rest_route=\/wp\/v2\/posts"}],"about":[{"href":"http:\/\/www.chapelle-crecy.com\/index.php?rest_route=\/wp\/v2\/types\/post"}],"author":[{"embeddable":true,"href":"http:\/\/www.chapelle-crecy.com\/index.php?rest_route=\/wp\/v2\/users\/2"}],"replies":[{"embeddable":true,"href":"http:\/\/www.chapelle-crecy.com\/index.php?rest_route=%2Fwp%2Fv2%2Fcomments&post=744"}],"version-history":[{"count":0,"href":"http:\/\/www.chapelle-crecy.com\/index.php?rest_route=\/wp\/v2\/posts\/744\/revisions"}],"wp:attachment":[{"href":"http:\/\/www.chapelle-crecy.com\/index.php?rest_route=%2Fwp%2Fv2%2Fmedia&parent=744"}],"wp:term":[{"taxonomy":"category","embeddable":true,"href":"http:\/\/www.chapelle-crecy.com\/index.php?rest_route=%2Fwp%2Fv2%2Fcategories&post=744"},{"taxonomy":"post_tag","embeddable":true,"href":"http:\/\/www.chapelle-crecy.com\/index.php?rest_route=%2Fwp%2Fv2%2Ftags&post=744"}],"curies":[{"name":"wp","href":"https:\/\/api.w.org\/{rel}","templated":true}]}}