{"id":746,"date":"2014-06-15T16:16:19","date_gmt":"2014-06-15T16:16:19","guid":{"rendered":""},"modified":"-0001-11-30T00:00:00","modified_gmt":"-0001-11-29T22:00:00","slug":"","status":"publish","type":"post","link":"http:\/\/www.chapelle-crecy.com\/?p=746","title":{"rendered":"Des villersmorinois au Val de Gr\u00e2ce !"},"content":{"rendered":"<div align=\"justify\">\n<div align=\"center\"><img decoding=\"async\" src=\"\/IMG\/jpg\/valdegrace.jpg\" width=350><\/div>\n<p>Et lisez la \n<\/div>\n<p>C&rsquo;est dans la Chapelle royale du Val de Gr\u00e2ce, voulue par la reine Anne d&rsquo;Autriche,  un des plus beaux monuments de Paris (classique-baroque fran\u00e7ais), que nous vous invitons \u00e0 nous rejoindre pour ce concert dans ce lieu exceptionnel par sa magnificence et son histoire.<\/p>\n<p>A l&#8217;emplacement du prieur\u00e9 du Val-de-Bi\u00e8vres, la reine Anne d&rsquo;Autriche d\u00e9cide d&rsquo;\u00e9lever un monast\u00e8re qu&rsquo;elle confie \u00e0 la prieure Marguerite de Veny d&rsquo;Arbouse son amie. La construction s&rsquo;\u00e9chelonne  de 1624 \u00e0 1643. La reine  aime  se retirer au Val-de-Gr\u00e2ce, malgr\u00e9 l&rsquo;archa\u00efsme des b\u00e2timents, mais sa situation est  fragilis\u00e9e depuis la fausse couche de 1622 et aucune nouvelle naissance ne s&rsquo;annonce. Bient\u00f4t, le roi qui la fait espionner, lui interdit de fr\u00e9quenter ce lieu. Cependant, le 5 septembre 1638, elle donne enfin naissance \u00e0 un fils, le dauphin Louis-Dieudonn\u00e9, futur Louis XIV. <\/p>\n<p>En 1643, apr\u00e8s la mort de Richelieu et de Louis XIII, la r\u00e9gente peut enfin r\u00e9aliser le voeu qu&rsquo;elle a fait \u00e0 Dieu jadis, l&rsquo;implorant de lui accorder la naissance d&rsquo;un fils. Les travaux reprennent, mais le co\u00fbt de ce projet est si \u00e9lev\u00e9 qu&rsquo;\u00e0 sa mort seule l&rsquo;\u00e9glise est construite. Y ont travaill\u00e9 des hommes de grand talent : Fran\u00e7ois Mansart, Jacques Lemercier, Pierre Le Muert et Gabriel Le Duc.<\/p>\n<p>Sous la r\u00e9volution, l&rsquo;abbaye d\u00e9saffect\u00e9e devient un h\u00f4pital militaire. Actuellement, l&rsquo;\u00e9tablissement hospitalier est un b\u00e2timent neuf, construit sur l&rsquo;ancien potager des b\u00e9n\u00e9dictines. D\u00e9sormais l&rsquo;abbaye abrite la biblioth\u00e8que centrale et le mus\u00e9e du service de sant\u00e9 des arm\u00e9es ainsi que l&rsquo;\u00e9cole du Val-de-Gr\u00e2ce. <\/p>\n<p> UNE NOUVELLE PAGE DE L&rsquo;HISTOIRE D&rsquo;ANGUELOS<\/p>\n<p>C&rsquo;est dans cette Chapelle royale, remarquable tant par la puret\u00e9 des lignes que par sa richesse, et magnifiquement restaur\u00e9e en 1996, que nous vous invitons \u00e0 \u00e9crire une nouvelle page de l&rsquo;histoire d&rsquo;Angu\u00e9los. Le plaisir des yeux, la joie de la musique (entre autres le Psaume 42 de Mendelssohn dans son int\u00e9gralit\u00e9 : soliste, choeur, accompagnement au piano), et le souvenir d&rsquo;une de nos grandes reines feront de ce concert, donn\u00e9 dans ce cadre unique, un moment magique et un souvenir inoubliable pour l&rsquo;Ensemble Vocal, les musiciens qui nous accompagnent et tous ceux qui voudront bien nous y rejoindre.<\/p>\n<p>Pensez \u00e0 r\u00e9server rapidement,<br \/>\n par t\u00e9l\u00e9phone : 01 60 04 11 89 &#8211;  06 70 59 77 11<br \/>\n par internet : anguelos.reservations@gmail.com<\/p>\n<div align=\"center\"><img decoding=\"async\" src=\"\/IMG\/jpg\/concert-val.jpg\" width=500><\/div>\n<div align=\"center\"><img decoding=\"async\" src=\"\/IMG\/jpg\/affiche-val.jpg\" width=500><\/div>\n","protected":false},"excerpt":{"rendered":"<p>Et lisez la C&rsquo;est dans la Chapelle royale du Val de Gr\u00e2ce, voulue par la reine Anne d&rsquo;Autriche, un des plus beaux monuments de Paris (classique-baroque fran\u00e7ais), que nous vous invitons \u00e0 nous rejoindre&#46;&#46;&#46;<\/p>\n","protected":false},"author":2,"featured_media":0,"comment_status":"open","ping_status":"open","sticky":false,"template":"","format":"standard","meta":{"footnotes":""},"categories":[],"tags":[],"class_list":["post-746","post","type-post","status-publish","format-standard","hentry"],"_links":{"self":[{"href":"http:\/\/www.chapelle-crecy.com\/index.php?rest_route=\/wp\/v2\/posts\/746","targetHints":{"allow":["GET"]}}],"collection":[{"href":"http:\/\/www.chapelle-crecy.com\/index.php?rest_route=\/wp\/v2\/posts"}],"about":[{"href":"http:\/\/www.chapelle-crecy.com\/index.php?rest_route=\/wp\/v2\/types\/post"}],"author":[{"embeddable":true,"href":"http:\/\/www.chapelle-crecy.com\/index.php?rest_route=\/wp\/v2\/users\/2"}],"replies":[{"embeddable":true,"href":"http:\/\/www.chapelle-crecy.com\/index.php?rest_route=%2Fwp%2Fv2%2Fcomments&post=746"}],"version-history":[{"count":0,"href":"http:\/\/www.chapelle-crecy.com\/index.php?rest_route=\/wp\/v2\/posts\/746\/revisions"}],"wp:attachment":[{"href":"http:\/\/www.chapelle-crecy.com\/index.php?rest_route=%2Fwp%2Fv2%2Fmedia&parent=746"}],"wp:term":[{"taxonomy":"category","embeddable":true,"href":"http:\/\/www.chapelle-crecy.com\/index.php?rest_route=%2Fwp%2Fv2%2Fcategories&post=746"},{"taxonomy":"post_tag","embeddable":true,"href":"http:\/\/www.chapelle-crecy.com\/index.php?rest_route=%2Fwp%2Fv2%2Ftags&post=746"}],"curies":[{"name":"wp","href":"https:\/\/api.w.org\/{rel}","templated":true}]}}