{"id":749,"date":"2014-06-21T08:44:30","date_gmt":"2014-06-21T08:44:30","guid":{"rendered":""},"modified":"-0001-11-30T00:00:00","modified_gmt":"-0001-11-29T22:00:00","slug":"","status":"publish","type":"post","link":"http:\/\/www.chapelle-crecy.com\/?p=749","title":{"rendered":"Profession de Foi 2014"},"content":{"rendered":"<div align=\"justify\">En ce dimanche de Pentec te, la Coll\u00e9giale Notre-Dame-de-l&rsquo;Assomption accueillait les enfants du secteur paroissial \u00e0\u00a0 une \u00e9tape importante de leur parcours de foi,  la Profession de Foi. Quinze enfants \u00e9taient ainsi r\u00e9unis autour du p\u00e8re Aim\u00e9 pour proclamer leur foi devant une assembl\u00e9e nombreuse (Consulter l&rsquo;album souvenir par le lien : <a href=\"https:\/\/picasaweb.google.com\/100406574844511086142\/ProfessionDeFoi2014Collegiale?authkey=Gv1sRgCIPZp9jK3_SMSQ&#038;feat=email\" target=\"_blank\">Album profession de foi 2014<\/div>\n<p>) <\/p><\/div>\n<div align=\"justify\">La profession de foi cl\u00f4t g\u00e9n\u00e9ralement les 4 ann\u00e9es de cat\u00e9chisme, que les enfants pr\u00e9sents ont suivi \u00e0 partir de la classe d&rsquo;\u00e9cole \u00e9l\u00e9mentaire de CE2. <br \/>\nCe sont donc des enfants de 1\u00e8re ann\u00e9e de coll\u00e8ge (6\u00e8me) qui sont en majorit\u00e9 pr\u00e9sents ce jour de leur profession de foi. <br \/>\nC&rsquo;est une f\u00eate de la foi mais non un sacrement, au sens strict de la liturgie, comme peuvent l&rsquo;\u00eatre leur 1\u00e8re communion pass\u00e9e ou leur confirmation future. La Profession de Foi est l&rsquo;occasion pour les enfants d&rsquo;un renouvellement de leurs engagements de baptis\u00e9s, de suivre le Christ et de croire en Dieu, \u00e0 J\u00e9sus et au saint Esprit. <br \/>\nEt comme tout autre profession de foi, c&rsquo;est devant un public qu&rsquo;elle doit \u00eatre faite et proclam\u00e9e. Nombreuse \u00e9tait d&rsquo;ailleurs l&rsquo;assembl\u00e9e, r\u00e9unissant paroissiens, familles et amis. M\u00eame si l&rsquo;\u00e9v\u00e8nement est un fin de cycle dans le parcours de foi des participants, il est le d\u00e9but d&rsquo;un cheminement plus profond et plus personnel car tout au long de sa vie, le chr\u00e9tien est toujours en \u00e9coute de la Parole de Dieu, les ann\u00e9es de cat\u00e9 \u00e9tant essentiellement des ann\u00e9es d&rsquo;apprentissage et de d\u00e9couverte. <br \/>\nAlors pourquoi, apr\u00e8s avoir d\u00e9couvert un tr\u00e9sor tel que J\u00e9sus, ne pas continuer \u00e0 l&rsquo;honorer et l&rsquo;admirer\u00e2\u20ac\u00a6 Que toute la communaut\u00e9 paroissiale aide aussi ces jeunes \u00e0 grandir dans leur foi. Avec cette belle initiative cette ann\u00e9e, d&rsquo;avoir propos\u00e9 aux jeunes une rencontre avec des personnes de la communaut\u00e9, en tant que t\u00e9moins et \u00ab a \u00een\u00e9s\u00bb de foi, la dynamique est lanc\u00e9e. Des \u00ab a \u00een\u00e9s \u00bb de  cat\u00e9 pour bien terminer des ann\u00e9es de cat\u00e9, beau programme de profession de foi ! Car c&rsquo;est au sein d&rsquo;une communaut\u00e9 que la foi s&rsquo;affermit aussi. <\/p>\n<p>Un grand merci \u00e0 Nicole, qui a accompagn\u00e9 les enfants en cette ann\u00e9e importante pour eux. Un grand merci \u00e0 multiplier car Nicole mettait un terme en cette fin d&rsquo;ann\u00e9e \u00e0 son activit\u00e9 de cat\u00e9chiste au sein de la paroisse apr\u00e8s de longues ann\u00e9es d&rsquo;engagement. Beau t\u00e9moignage vivant pour tous les enfants pr\u00e9sents \u00e2\u20ac\u00a6 et pour tous ceux qui les ont pr\u00e9c\u00e9d\u00e9s, au contact chaleureux de Nicole !<\/p>\n<p>Thierry BRIANE. <\/p><\/div>\n<div align=\"center\"><img decoding=\"async\" src=\"http:\/\/www.chapelle-crecy.com\/IMG\/arton694.jpg\" ><\/div>\n","protected":false},"excerpt":{"rendered":"<p>En ce dimanche de Pentec te, la Coll\u00e9giale Notre-Dame-de-l&rsquo;Assomption accueillait les enfants du secteur paroissial \u00e0\u00a0 une \u00e9tape importante de leur parcours de foi, la Profession de Foi. Quinze enfants \u00e9taient ainsi r\u00e9unis autour&#46;&#46;&#46;<\/p>\n","protected":false},"author":2,"featured_media":0,"comment_status":"open","ping_status":"open","sticky":false,"template":"","format":"standard","meta":{"footnotes":""},"categories":[],"tags":[],"class_list":["post-749","post","type-post","status-publish","format-standard","hentry"],"_links":{"self":[{"href":"http:\/\/www.chapelle-crecy.com\/index.php?rest_route=\/wp\/v2\/posts\/749","targetHints":{"allow":["GET"]}}],"collection":[{"href":"http:\/\/www.chapelle-crecy.com\/index.php?rest_route=\/wp\/v2\/posts"}],"about":[{"href":"http:\/\/www.chapelle-crecy.com\/index.php?rest_route=\/wp\/v2\/types\/post"}],"author":[{"embeddable":true,"href":"http:\/\/www.chapelle-crecy.com\/index.php?rest_route=\/wp\/v2\/users\/2"}],"replies":[{"embeddable":true,"href":"http:\/\/www.chapelle-crecy.com\/index.php?rest_route=%2Fwp%2Fv2%2Fcomments&post=749"}],"version-history":[{"count":0,"href":"http:\/\/www.chapelle-crecy.com\/index.php?rest_route=\/wp\/v2\/posts\/749\/revisions"}],"wp:attachment":[{"href":"http:\/\/www.chapelle-crecy.com\/index.php?rest_route=%2Fwp%2Fv2%2Fmedia&parent=749"}],"wp:term":[{"taxonomy":"category","embeddable":true,"href":"http:\/\/www.chapelle-crecy.com\/index.php?rest_route=%2Fwp%2Fv2%2Fcategories&post=749"},{"taxonomy":"post_tag","embeddable":true,"href":"http:\/\/www.chapelle-crecy.com\/index.php?rest_route=%2Fwp%2Fv2%2Ftags&post=749"}],"curies":[{"name":"wp","href":"https:\/\/api.w.org\/{rel}","templated":true}]}}