{"id":754,"date":"2014-07-06T23:32:00","date_gmt":"2014-07-06T23:32:00","guid":{"rendered":""},"modified":"-0001-11-30T00:00:00","modified_gmt":"-0001-11-29T22:00:00","slug":"","status":"publish","type":"post","link":"http:\/\/www.chapelle-crecy.com\/?p=754","title":{"rendered":"Horaires d&rsquo;\u00e9t\u00e9"},"content":{"rendered":"<div align=\"justify\"> Toute la paroisse vous souhaite un tr\u00e8s bel \u00e9t\u00e9 et vous propose dans la suite de cet article le planning des messes du P\u00f4le de Meaux. O\u00f9 que nous allions, quoique nous fassions pendant ces 2 mois, restons tous unis par la pri\u00e8re: <\/p>\n<div align = \"center\">Pri\u00e8re<\/div>\n<p>Seigneur, notre Dieu, veille sur ceux qui prennent la route, qu&rsquo;ils<br \/>\narrivent sans encombre au terme de leur voyage.<br \/>\nQue ce temps de vacances soit pour vous tous un moment de d\u00e9tente, de repos, de paix !<br \/>\nSois pour nous, Seigneur, l&rsquo;ami que nous retrouvons sur nos routes, qui nous accompagne et nous guide.<br \/>\nDonne-nous la joie simple et vraie de nous retrouver en famille et entre amis.<br \/>\nDonne-nous d&rsquo;accueillir ceux que nous rencontrerons :<br \/>\n&#8211; pour leur donner un peu d&rsquo;ombre quand le soleil br\u00fble trop,<br \/>\n&#8211; pour leur ouvrir notre porte quand la pluie et l&rsquo;orage les<br \/>\nsurprennent,<br \/>\n&#8211; pour partager notre pain et notre amiti\u00e9 quand ils se trouvent seuls<br \/>\net d\u00e9sempar\u00e9s.<br \/>\nSeigneur, notre Dieu, veille encore sur nous quand nous reprendrons le chemin du retour.<br \/>\nQue nous ayons la joie de nous retrouver pour vivre ensemble une<br \/>\nnouvelle ann\u00e9e, nouvelle \u00e9tape sur la route du Salut.<\/p>\n<p>Amen\n<\/p><\/div>\n<div align=\"center\"><img decoding=\"async\" src=\"\/IMG\/jpg\/calendrier0.jpg\" width=450><\/div>\n<div align=\"center\"><img decoding=\"async\" src=\"\/IMG\/jpg\/calendrier1-2.jpg\" width=450><\/div>\n<div align=\"center\"><img decoding=\"async\" src=\"\/IMG\/jpg\/calendrier2-2.jpg\" width=450><\/div>\n<div align=\"center\"><img decoding=\"async\" src=\"\/IMG\/jpg\/calendrier3-2.jpg\" width=450><\/div>\n<p> Retrouvez ci-apr\u00e8s en pi\u00e8ce jointe le tableau imprimable de toutes les messes du p\u00f4le de Meaux \u00e0 diffuser sans mod\u00e9ration !<\/p>\n","protected":false},"excerpt":{"rendered":"<p>Toute la paroisse vous souhaite un tr\u00e8s bel \u00e9t\u00e9 et vous propose dans la suite de cet article le planning des messes du P\u00f4le de Meaux. O\u00f9 que nous allions, quoique nous fassions pendant&#46;&#46;&#46;<\/p>\n","protected":false},"author":2,"featured_media":0,"comment_status":"open","ping_status":"open","sticky":false,"template":"","format":"standard","meta":{"footnotes":""},"categories":[],"tags":[],"class_list":["post-754","post","type-post","status-publish","format-standard","hentry"],"_links":{"self":[{"href":"http:\/\/www.chapelle-crecy.com\/index.php?rest_route=\/wp\/v2\/posts\/754","targetHints":{"allow":["GET"]}}],"collection":[{"href":"http:\/\/www.chapelle-crecy.com\/index.php?rest_route=\/wp\/v2\/posts"}],"about":[{"href":"http:\/\/www.chapelle-crecy.com\/index.php?rest_route=\/wp\/v2\/types\/post"}],"author":[{"embeddable":true,"href":"http:\/\/www.chapelle-crecy.com\/index.php?rest_route=\/wp\/v2\/users\/2"}],"replies":[{"embeddable":true,"href":"http:\/\/www.chapelle-crecy.com\/index.php?rest_route=%2Fwp%2Fv2%2Fcomments&post=754"}],"version-history":[{"count":0,"href":"http:\/\/www.chapelle-crecy.com\/index.php?rest_route=\/wp\/v2\/posts\/754\/revisions"}],"wp:attachment":[{"href":"http:\/\/www.chapelle-crecy.com\/index.php?rest_route=%2Fwp%2Fv2%2Fmedia&parent=754"}],"wp:term":[{"taxonomy":"category","embeddable":true,"href":"http:\/\/www.chapelle-crecy.com\/index.php?rest_route=%2Fwp%2Fv2%2Fcategories&post=754"},{"taxonomy":"post_tag","embeddable":true,"href":"http:\/\/www.chapelle-crecy.com\/index.php?rest_route=%2Fwp%2Fv2%2Ftags&post=754"}],"curies":[{"name":"wp","href":"https:\/\/api.w.org\/{rel}","templated":true}]}}