{"id":755,"date":"2014-07-17T23:36:58","date_gmt":"2014-07-17T23:36:58","guid":{"rendered":""},"modified":"-0001-11-30T00:00:00","modified_gmt":"-0001-11-29T22:00:00","slug":"","status":"publish","type":"post","link":"http:\/\/www.chapelle-crecy.com\/?p=755","title":{"rendered":"Jean Panhard nous laisse tous orphelins !"},"content":{"rendered":"<div align=\"justify\">Nous apprenons le d\u00e9c\u00e8s de Jean Panhard. Figure locale qui a marqu\u00e9 l&rsquo;histoire de notre pays, Jean s&rsquo;est retir\u00e9 sans bruit du hameau de Montgrolle pour rejoindre la maison du P\u00e8re. Passionn\u00e9 de voiture, il avait, pour ses 100 ans, livr\u00e9 au journal paroissial cr\u00e9\u00e7ois quelques facettes de sa longue vie, riche en anecdotes et en \u00e9motion, lors d&rsquo;un interview inoubliable. Il \u00e9tait \u00e9galement tr\u00e8s attach\u00e9 \u00e0\u00a0 la vie paroissiale de notre secteur et aimait lire le journal de l&rsquo;Echo de la Vall\u00e9e. Au nom du journal, le comit\u00e9 de r\u00e9daction et toute la paroisse adresse \u00e0\u00a0 son \u00e9pouse et sa famille leurs sinc\u00e8res condol\u00e9ances. Retrouvez ci-apr\u00e8s le t\u00e9moignage de Jean Panhard paru dans le num\u00e9ro 265 de l&rsquo;Echo de la Vall\u00e9e.<\/div>\n<div align=\"justify\">\n Centenaire de Jean Panhard.<br \/>\n \u00ab Je me sens anormalement bien ! \u00bb<\/p>\n<p> A l&rsquo;aube de ses 100 ans, nous avons rencontr\u00e9 Jean Panhard en sa maison de Montgrolle, sur les hauts de Cr\u00e9cy, en compagnie de son \u00e9pouse Jeanne. Et si cette derni\u00e8re \u00e9tait la cl\u00e9 de son \u00e9ternelle \u00ab jeunesse \u00bb \u00e2\u20ac\u00a6<\/p>\n<p> En cette fin de mai (2013) o\u00f9 le soleil a persist\u00e9 \u00e0 s&rsquo;absenter comme une mauvaise habitude depuis le printemps, c&rsquo;est un chaleureux presque centenaire qui nous accueille en sa propri\u00e9t\u00e9, puisque ce n&rsquo;est que le 12 juin (2013) que M. Panhard franchira ce cap de \u00ab Longue Existence \u00bb, v\u00e9ritable Bonne Esp\u00e9rance pour nous tous. <\/p>\n<div align=\"center\"><img decoding=\"async\" src=\"\/IMG\/jpg\/Panhard.jpg\" width=450><\/div>\n<p> Quand l&rsquo;histoire avec un petit h rencontre celle avec un grand H \u00e2\u20ac\u00a6<br \/>\n Rencontrer Jean Panhard, c&rsquo;est d\u00e9j\u00e0 une invitation \u00e0 son voyage personnel de vie, qui est une histoire exceptionnelle en tant que telle, mais c&rsquo;est aussi aller \u00e0 la rencontre de l&rsquo;Histoire de notre pays de France, si ch\u00e8re \u00e0 son coeur. Na \u00eetre l&rsquo;ann\u00e9e qui pr\u00e9c\u00e8de le d\u00e9but de la Grande Guerre pr\u00e9figure d\u00e9j\u00e0 une vie dans un contexte historique chaotique et bouleversant. Premier souvenir du petit gar\u00e7on qu&rsquo;est Jean, de la fen\u00eatre de l&rsquo;appartement familial parisien : les mar\u00e9chaux Joffre et Foch sur leurs chevaux lors du d\u00e9fil\u00e9 de la Victoire sur les Champs-Elys\u00e9es, accompagn\u00e9s des soldats et des grands mutil\u00e9s de guerre. Avoir cette image imprim\u00e9e dans son esprit, depuis un si jeune \u00e2ge, donne la mesure des autres souvenirs marquants de notre h\u00f4te. <\/p>\n<p> Une entreprise qui roule \u00e2\u20ac\u00a6<br \/>\n M. Panhard a \u00e9t\u00e9 un \u00ab conducteur \u00bb important du march\u00e9 automobile du milieu du XX\u00e8me si\u00e8cle. Il int\u00e8gre la firme familiale Panhard et Levassor d\u00e8s 1937, apr\u00e8s ses \u00e9tudes \u00e0 l&rsquo;Ecole Polytechnique, jusqu&rsquo;en 1965, au moment de la fusion de la marque Panhard avec Citro\u00ebn. Le fait que les 8000 collaborateurs de son entreprise aient \u00e9t\u00e9 int\u00e9gr\u00e9s chez Citro\u00ebn lui apporte encore une grande satisfaction. Ensuite, de 1965 \u00e0 1981, il dirige la Soci\u00e9t\u00e9 des Constructions m\u00e9caniques Panhard et Levassor, sp\u00e9cialis\u00e9e dans la construction de v\u00e9hicules militaires. <\/p>\n<div align=\"center\"><img decoding=\"async\" src=\"\/IMG\/jpg\/Jean-avant.jpg\" width=350><\/div>\n<p> Quand Jean Panhard \u00e9voque l&rsquo;armement allemand des deux derni\u00e8res guerres, l&rsquo;obusier Bertha et l&rsquo;avion bombardier Gotha pour la 1\u00e8re et l&rsquo;avion Stuka pour la 2\u00e8me, c&rsquo;est avec une grande \u00e9motion, car il avoue que ces appareils militaires avaient une efficacit\u00e9 de destruction importante avec comme cons\u00e9quence tant de vies humaines perdues. Malgr\u00e9 les difficult\u00e9s \u00e9conomiques actuelles, quelle chance avons-nous de vivre en paix !<\/p>\n<div align=\"center\"><img decoding=\"async\" src=\"\/IMG\/jpg\/Jean-Jeanne.jpg\" width=450><\/div>\n<p> Jeanne et Jean, pour la vie \u00e2\u20ac\u00a6<br \/>\n La paix, en 1940, elle \u00e9tait bien loin. Et pourtant c&rsquo;est en pleine d\u00e9b\u00e2cle que Jean et Jeanne d\u00e9cident de se marier. Quelle belle esp\u00e9rance en plein Exode ! Mais les jeunes \u00e9poux, profond\u00e9ment chr\u00e9tiens, tous deux issus de familles catholiques pratiquantes, dans lesquelles on compte deux religieuses et un pr\u00eatre, se rappellent peut-\u00eatre le c\u00e9l\u00e8bre passage biblique et son accomplissement. Jean \u00e9pouse sa \u00ab ch\u00e8re promise \u00bb dans l&rsquo;Allier (quel clin d&rsquo;oeil, les alli\u00e9s viendront plus tard lib\u00e9rer la France \u00e2\u20ac\u00a6) et pour le couple le sacrement de mariage est essentiel. Jean nous d\u00e9clare que ce jour-l\u00e0, il sait qu&rsquo;il se marie pour la vie et l&rsquo;avis est r\u00e9ciproque pour Jeanne. De cette union, na \u00eetront six enfants et apr\u00e8s bient\u00f4t 73 ans de mariage, M. et Mme Panhard sont heureux de compter 15 petits-enfants et 16 arri\u00e8re-petits-enfants (sans compter les alliances) Quel beau t\u00e9moignage de vie en couple ! Quel exemple d&rsquo;esp\u00e9rance, car na \u00eetre en 1913 et se marier en 1940, il faut en avoir, malgr\u00e9 l&rsquo;actualit\u00e9 du moment \u00e2\u20ac\u00a6 <\/p>\n<div align=\"center\"><img decoding=\"async\" src=\"\/IMG\/jpg\/Panhard-family.jpg\" width=450><\/div>\n<p> Jo\u00ebl et moi-m\u00eame remercions Jean et Jeanne de nous avoir consacr\u00e9 une heure de leur soir\u00e9e, malgr\u00e9 la fatigue compr\u00e9hensible d&rsquo;une fin de journ\u00e9e. Un conseil, M. Panhard, dans le cas o\u00f9 vous manquerez de souffle pour \u00e9teindre les bougies de votre g\u00e2teau d&rsquo;anniversaire, privil\u00e9giez un dessert \u00ab sans \u00bb bougie ou alors aidez-vous par les autres centenaires de votre jardin, ces magnifiques ch\u00eanes qui, avec leur feuillage fourni, \u00e0 l&rsquo;aide d&rsquo;une l\u00e9g\u00e8re brise, pourraient souffler vos 100 bougies \u00e2\u20ac\u00a6<\/p>\n<p> Thierry BRIANE.\n<\/p><\/div>\n","protected":false},"excerpt":{"rendered":"<p>Nous apprenons le d\u00e9c\u00e8s de Jean Panhard. Figure locale qui a marqu\u00e9 l&rsquo;histoire de notre pays, Jean s&rsquo;est retir\u00e9 sans bruit du hameau de Montgrolle pour rejoindre la maison du P\u00e8re. Passionn\u00e9 de voiture,&#46;&#46;&#46;<\/p>\n","protected":false},"author":2,"featured_media":0,"comment_status":"open","ping_status":"open","sticky":false,"template":"","format":"standard","meta":{"footnotes":""},"categories":[],"tags":[],"class_list":["post-755","post","type-post","status-publish","format-standard","hentry"],"_links":{"self":[{"href":"http:\/\/www.chapelle-crecy.com\/index.php?rest_route=\/wp\/v2\/posts\/755","targetHints":{"allow":["GET"]}}],"collection":[{"href":"http:\/\/www.chapelle-crecy.com\/index.php?rest_route=\/wp\/v2\/posts"}],"about":[{"href":"http:\/\/www.chapelle-crecy.com\/index.php?rest_route=\/wp\/v2\/types\/post"}],"author":[{"embeddable":true,"href":"http:\/\/www.chapelle-crecy.com\/index.php?rest_route=\/wp\/v2\/users\/2"}],"replies":[{"embeddable":true,"href":"http:\/\/www.chapelle-crecy.com\/index.php?rest_route=%2Fwp%2Fv2%2Fcomments&post=755"}],"version-history":[{"count":0,"href":"http:\/\/www.chapelle-crecy.com\/index.php?rest_route=\/wp\/v2\/posts\/755\/revisions"}],"wp:attachment":[{"href":"http:\/\/www.chapelle-crecy.com\/index.php?rest_route=%2Fwp%2Fv2%2Fmedia&parent=755"}],"wp:term":[{"taxonomy":"category","embeddable":true,"href":"http:\/\/www.chapelle-crecy.com\/index.php?rest_route=%2Fwp%2Fv2%2Fcategories&post=755"},{"taxonomy":"post_tag","embeddable":true,"href":"http:\/\/www.chapelle-crecy.com\/index.php?rest_route=%2Fwp%2Fv2%2Ftags&post=755"}],"curies":[{"name":"wp","href":"https:\/\/api.w.org\/{rel}","templated":true}]}}