{"id":756,"date":"2014-07-18T18:52:14","date_gmt":"2014-07-18T18:52:14","guid":{"rendered":""},"modified":"-0001-11-30T00:00:00","modified_gmt":"-0001-11-29T22:00:00","slug":"","status":"publish","type":"post","link":"http:\/\/www.chapelle-crecy.com\/?p=756","title":{"rendered":"Annonces de la p\u00e9riode du 20 juillet au 3 aout 2014"},"content":{"rendered":"<table bgcolor =\"F0FAFF\" border=0>\n<tbody>\n<tr>\n<td>\n<div align=\"justify\">\n<div \"702\">Voici les annonces de la p\u00e9riode du dimanche 20 juillet au dimanche 3 aout 2014 pour la paroisse des 3 clochers Cr\u00e9cy-la-Chapelle, Villiers-sur-Morin, Voulangis. <br \/>\nPas de messe le samedi pendant l&rsquo;\u00e9t\u00e9<br \/>\nDimanche 27 \u00e0\u00a0 10 h 30 &#8211; Messe \u00e0\u00a0 Cr\u00e9cy<br \/>\nDimanche 3 \u00e0\u00a0 10 h 30 &#8211; Messe \u00e0\u00a0 Cr\u00e9cy<br \/>\nRetrouvez tous les d\u00e9tails dans la suite &#8230;<\/div>\n<\/div>\n<\/td>\n<\/tr>\n<\/tbody>\n<\/table>\n<table bgcolor =\"F0F6FF\" border=0>\n<tbody>\n<tr>\n<td><font color=\"00AA88\">Dimanche 20 juillet<\/font><\/td>\n<td><font color=\"00AA88\">10 h 30 &#8211;  Messe \u00e0 Cr\u00e9cy pour  la famille GORRET-MICHAUD, pour<br \/>\nPierre Julot DIJOUX  ainsi que pour Jean PANHARD inhum\u00e9 cette semaine<br \/>\nMesse de remerciement en l\u00a0\u00bbhonneur de Sainte Philom\u00e8ne, de Saint GEORGES. Nouus prierons \u00e9galement pour Hendrick CAROUGE baptis\u00e9 ce jour.<\/font>\n<\/td>\n<\/tr>\n<\/tbody>\n<\/table>\n<table bgcolor =\"F0F6FF\" border=0>\n<tbody>\n<tr>\n<td width=\"25%\"><font color=\"00CC00\">Lundi 21 juillet<\/font><\/td>\n<td><font color=\"00CC00\"><\/p>\n<div align=\"center\"><img decoding=\"async\" src=\"\/IMG\/jpg\/MR_Crecy_2.jpg\" width=150><\/div>\n<p><\/font><\/td>\n<td><font color=\"00CC00\">17 h  messe \u00e0 la Maison de Retraite.<br \/>\n<\/font><\/td>\n<\/tr>\n<tr>\n<td width=\"25%\"><font color=\"00AA88\">Mardi 22 juillet<\/font><\/td>\n<td><font color=\"00AA88\">9 h &#8211; Messe \u00e0 Cr\u00e9cy pour Marie Louise TILLY et Violette CHILLY.<br \/>\n<\/font><\/td>\n<td><font color=\"00AA88\"><\/p>\n<div align=\"center\"><img decoding=\"async\" src=\"\/IMG\/lieux\/stgeorges14.jpg\"\" width=150><\/div>\n<p><\/font><\/td>\n<\/tr>\n<tr>\n<td width=\"25%\"><font color=\"0022DD\">Mercredi 23 juillet<\/font><\/td>\n<td><font color=\"0022DD\"><\/p>\n<div align=\"center\"><img decoding=\"async\" src=\"\/IMG\/lieux\/stgeorges16.jpg\"\" width=150><\/div>\n<p><\/font><\/td>\n<td><font color=\"0022DD\">18 h &#8211; Messe \u00e0 Cr\u00e9cy pour Andr\u00e9e COFFINIER et William DESJARDINS.<br \/>\n<\/font><\/td>\n<\/tr>\n<tr>\n<td width=\"25%\"><font color=\"00CC00\">Vendredi 25 juillet<\/font><\/td>\n<td><font color=\"00CC00\">9 h &#8211; Messe pour Jeanine PERICHON et Ren\u00e9e. THIEBAULT<br \/>\n<\/font><\/td>\n<td><font color=\"00CC00\"><\/p>\n<div align=\"center\"><img decoding=\"async\" src=\"\/IMG\/lieux\/stgeorges15.jpg\"\" width=150><\/div>\n<p><\/font><\/td>\n<\/tr>\n<tr>\n<td><font color=\"00AA88\">Dimanche 27 juillet<\/font><\/td>\n<td><font color=\"00AA88\"><\/p>\n<div align=\"center\"><img decoding=\"async\" src=\"\/IMG\/lieux\/stgeorges17.jpg\"  width=150><\/div>\n<p><\/font><\/td>\n<td><font color=\"00AA88\">Messe \u00e0 Cr\u00e9cy  pour  Jean PANHARD et Germaine VERNILLET.<br \/>\n<\/font><\/td>\n<\/tr>\n<tr>\n<td width=\"25%\"><font color=\"0022DD\">Lundi 28 juillet<\/font><\/td>\n<td><font color=\"0022DD\">17 h  C\u00e9l\u00e9bration \u00e0 la Maison de Retraite.<br \/>\n<\/font><\/td>\n<td><font color=\"0022DD\"><\/p>\n<div align=\"center\"><img decoding=\"async\" src=\"\/IMG\/jpg\/MR_Crecy_2.jpg\" width=150><\/div>\n<p><\/font><\/td>\n<\/tr>\n<tr>\n<td><font color=\"00AA88\">mardi 29 juillet<\/font><\/td>\n<td><font color=\"00AA88\"><\/p>\n<div align=\"center\"><img decoding=\"async\" src=\"\/IMG\/lieux\/stgeorges14.jpg\"  width=150><\/div>\n<p><\/font><\/td>\n<td><font color=\"00AA88\">9 h &#8211; Messe \u00e0 Cr\u00e9cy pour Suzanne CADELLE et Georges PICARD.<br \/>\n<\/font><\/td>\n<\/tr>\n<tr>\n<td width=\"25%\"><font color=\"0022DD\">jeudi 31 juillet<\/font><\/td>\n<td><font color=\"0022DD\">18 h &#8211; Messe \u00e0 Cr\u00e9cy pour la famille THION-MEUNIER.<br \/>\n<\/font><\/td>\n<td><font color=\"0022DD\"><\/p>\n<div align=\"center\"><img decoding=\"async\" src=\"\/IMG\/lieux\/stgeorges16.jpg\" width=150><\/div>\n<p><\/font><\/td>\n<\/tr \n\n<tr>\n<td><font color=\"00CC00\">Vendredi 1er aout<\/font><\/td>\n<td><font color=\"00CC00\">9 h &#8211; Messe \u00e0 Cr\u00e9cy pour Michel COUTAREL et Jacqueline BLEZY.<\/td>\n<td><font color=\"00CC00\">16 h &#8211; Mariage \u00e0 Cr\u00e9cy de Fr\u00e9d\u00e9ric BELLEVILLE et de Elodie ROGER. <\/font><\/td>\n<\/tr>\n<tr>\n<td><font color=\"00AA88\">Dimanche 3 aout<\/font><\/td>\n<td><font color=\"00AA88\"><\/p>\n<div align=\"center\"><img decoding=\"async\" src=\"\/IMG\/lieux\/stgeorges18.jpg\"  width=150><\/div>\n<p><\/font><\/td>\n<td><font color=\"00AA88\">10 h 30 &#8211; Messe \u00e0 Cr\u00e9cy pour Maurice MEUNIER et Maurice CAUGNE. <\/font><\/td>\n<\/tr>\n<\/tbody>\n<\/table>\n","protected":false},"excerpt":{"rendered":"<p>Voici les annonces de la p\u00e9riode du dimanche 20 juillet au dimanche 3 aout 2014 pour la paroisse des 3 clochers Cr\u00e9cy-la-Chapelle, Villiers-sur-Morin, Voulangis. Pas de messe le samedi pendant l&rsquo;\u00e9t\u00e9 Dimanche 27 \u00e0\u00a0&#46;&#46;&#46;<\/p>\n","protected":false},"author":2,"featured_media":0,"comment_status":"open","ping_status":"open","sticky":false,"template":"","format":"standard","meta":{"footnotes":""},"categories":[],"tags":[],"class_list":["post-756","post","type-post","status-publish","format-standard","hentry"],"_links":{"self":[{"href":"http:\/\/www.chapelle-crecy.com\/index.php?rest_route=\/wp\/v2\/posts\/756","targetHints":{"allow":["GET"]}}],"collection":[{"href":"http:\/\/www.chapelle-crecy.com\/index.php?rest_route=\/wp\/v2\/posts"}],"about":[{"href":"http:\/\/www.chapelle-crecy.com\/index.php?rest_route=\/wp\/v2\/types\/post"}],"author":[{"embeddable":true,"href":"http:\/\/www.chapelle-crecy.com\/index.php?rest_route=\/wp\/v2\/users\/2"}],"replies":[{"embeddable":true,"href":"http:\/\/www.chapelle-crecy.com\/index.php?rest_route=%2Fwp%2Fv2%2Fcomments&post=756"}],"version-history":[{"count":0,"href":"http:\/\/www.chapelle-crecy.com\/index.php?rest_route=\/wp\/v2\/posts\/756\/revisions"}],"wp:attachment":[{"href":"http:\/\/www.chapelle-crecy.com\/index.php?rest_route=%2Fwp%2Fv2%2Fmedia&parent=756"}],"wp:term":[{"taxonomy":"category","embeddable":true,"href":"http:\/\/www.chapelle-crecy.com\/index.php?rest_route=%2Fwp%2Fv2%2Fcategories&post=756"},{"taxonomy":"post_tag","embeddable":true,"href":"http:\/\/www.chapelle-crecy.com\/index.php?rest_route=%2Fwp%2Fv2%2Ftags&post=756"}],"curies":[{"name":"wp","href":"https:\/\/api.w.org\/{rel}","templated":true}]}}