{"id":757,"date":"2014-08-07T23:31:29","date_gmt":"2014-08-07T23:31:29","guid":{"rendered":""},"modified":"-0001-11-30T00:00:00","modified_gmt":"-0001-11-29T22:00:00","slug":"","status":"publish","type":"post","link":"http:\/\/www.chapelle-crecy.com\/?p=757","title":{"rendered":"Annonces de la p\u00e9riode du 4 au 17 aout 2014"},"content":{"rendered":"<table bgcolor =\"F0FAFF\" border=0>\n<tbody>\n<tr>\n<td>\n<div align=\"justify\">\n<div \"703\">Voici les annonces de la p\u00e9riode du lundi 4 au dimanche 17 aout 2014 pour la paroisse des 3 clochers Cr\u00e9cy-la-Chapelle, Villiers-sur-Morin, Voulangis. <br \/>\nPas de messe le samedi pendant l&rsquo;\u00e9t\u00e9<br \/>\nDimanche 10 \u00e0\u00a0 9 h 30 &#8211; Messe \u00e0\u00a0 Cr\u00e9cy<br \/>\nVendredi 15 \u00e0\u00a0 10 h 30 &#8211; Messe \u00e0\u00a0 la coll\u00e9giale<br \/>\nDimanche 17 \u00e0\u00a0 9 h 30 &#8211; Messe \u00e0\u00a0 Cr\u00e9cy<br \/>\nRetrouvez tous les d\u00e9tails dans la suite &#8230;<\/div>\n<\/div>\n<\/td>\n<\/tr>\n<\/tbody>\n<\/table>\n<table bgcolor =\"F0F6FF\" border=0>\n<tbody>\n<tr>\n<td width=\"25%\"><font color=\"00CC00\">Lundi 4 aout<\/font><\/td>\n<td><font color=\"00CC00\"><\/p>\n<div align=\"center\"><img decoding=\"async\" src=\"\/IMG\/jpg\/MR_Crecy_2.jpg\" width=150><\/div>\n<p><\/font><\/td>\n<td><font color=\"00CC00\">17 h  messe \u00e0 la Maison de Retraite.<br \/>\n<\/font><\/td>\n<\/tr>\n<tr>\n<td width=\"25%\"><font color=\"00AA88\">Mardi 5 aout<\/font><\/td>\n<td><font color=\"00AA88\">9 h &#8211; Messe \u00e0 Cr\u00e9cy pour Claudie SIMON et Roger COLLE.<br \/>\n<\/font><\/td>\n<td><font color=\"00AA88\"><\/p>\n<div align=\"center\"><img decoding=\"async\" src=\"\/IMG\/lieux\/stgeorges14.jpg\"\" width=150><\/div>\n<p><\/font><\/td>\n<\/tr>\n<tr>\n<td width=\"25%\"><font color=\"0022DD\">Mercredi 6 aout<\/font><\/td>\n<td><font color=\"0022DD\"><\/p>\n<div align=\"center\"><img decoding=\"async\" src=\"\/IMG\/lieux\/stgeorges16.jpg\"\" width=150><\/div>\n<p><\/font><\/td>\n<td><font color=\"0022DD\">9 h &#8211; Messe \u00e0 Cr\u00e9cy pour Paule THOMAS et Edith RIGOLLET.<br \/>\n<\/font><\/td>\n<\/tr>\n<tr>\n<td width=\"25%\"><font color=\"0022DD\">jeudi 7 aout<\/font><\/td>\n<td><font color=\"0022DD\">18 h &#8211; Messe \u00e0 Cr\u00e9cy  pour Andr\u00e9 et Yvette CORJON.<br \/>\n<\/font><\/td>\n<td><font color=\"0022DD\"><\/p>\n<div align=\"center\"><img decoding=\"async\" src=\"\/IMG\/lieux\/stgeorges18.jpg\" width=150><\/div>\n<p><\/font><\/td>\n<\/tr>\n<tr>\n<td width=\"25%\"><font color=\"00CC00\">Vendredi 8 aout<\/font><\/td>\n<td><font color=\"00CC00\"><\/p>\n<div align=\"center\"><img decoding=\"async\" src=\"\/IMG\/lieux\/stgeorges15.jpg\"\" width=150><\/div>\n<p><\/font><\/td>\n<td><font color=\"00CC00\">9 h &#8211; Messe \u00e0 Cr\u00e9cy pour Michel Dedieu et Jean Charles POTEL.<br \/>\n<\/font><\/td>\n<\/tr>\n<tr>\n<td><font color=\"00AA88\">Dimanche 10 aout<\/font><\/td>\n<td><font color=\"00AA88\">9 h 30 &#8211; A Cr\u00e9cy, Messe anniversaire pour   Christian CAILLOT et pour Olivier LANDRIEUX.<br \/>\n<\/font><\/td>\n<td><font color=\"00AA88\"><\/p>\n<div align=\"center\"><img decoding=\"async\" src=\"\/IMG\/lieux\/stgeorges17.jpg\"  width=150><\/div>\n<p><\/font><\/td>\n<\/tr>\n<tr>\n<td width=\"25%\"><font color=\"00CC00\">Vendredi 15 aout<br \/>\n<i>Assomption de la vierge Marie<\/i><\/font><\/td>\n<td><font color=\"00CC00\"><\/p>\n<div align=\"center\"><img decoding=\"async\" src=\"\/IMG\/lieux\/collegiale2.jpg\"\" width=150><\/div>\n<p><\/font><\/td>\n<td><font color=\"00CC00\">A 10 h 30 &#8211; Messe \u00e0 la Coll\u00e9giale.<br \/>\nElle sera c\u00e9l\u00e9br\u00e9e pour William DESJARDINS et les d\u00e9funts de la famille DEBIEF.<br \/>\nC&rsquo;est \u00e9galement une messe anniversaire pour Genevi\u00e8ve et Pierre-Louis MENON.<br \/>\n<\/font><\/td>\n<\/tr>\n<tr>\n<td><font color=\"00AA88\">Dimanche 17 aout<\/font><\/td>\n<td><font color=\"00AA88\">9 h 30 &#8211; Messe \u00e0 Cr\u00e9cy pour Lucienne BLAVIER et Th\u00e9r\u00e8se LE PAN.<br \/>\n<\/font><\/td>\n<td><font color=\"00AA88\"><\/p>\n<div align=\"center\"><img decoding=\"async\" src=\"\/IMG\/lieux\/stgeorges17.jpg\"  width=150><\/div>\n<p><\/font><\/td>\n<\/tr>\n<\/tbody>\n<\/table>\n","protected":false},"excerpt":{"rendered":"<p>Voici les annonces de la p\u00e9riode du lundi 4 au dimanche 17 aout 2014 pour la paroisse des 3 clochers Cr\u00e9cy-la-Chapelle, Villiers-sur-Morin, Voulangis. Pas de messe le samedi pendant l&rsquo;\u00e9t\u00e9 Dimanche 10 \u00e0\u00a0 9&#46;&#46;&#46;<\/p>\n","protected":false},"author":2,"featured_media":0,"comment_status":"open","ping_status":"open","sticky":false,"template":"","format":"standard","meta":{"footnotes":""},"categories":[],"tags":[],"class_list":["post-757","post","type-post","status-publish","format-standard","hentry"],"_links":{"self":[{"href":"http:\/\/www.chapelle-crecy.com\/index.php?rest_route=\/wp\/v2\/posts\/757","targetHints":{"allow":["GET"]}}],"collection":[{"href":"http:\/\/www.chapelle-crecy.com\/index.php?rest_route=\/wp\/v2\/posts"}],"about":[{"href":"http:\/\/www.chapelle-crecy.com\/index.php?rest_route=\/wp\/v2\/types\/post"}],"author":[{"embeddable":true,"href":"http:\/\/www.chapelle-crecy.com\/index.php?rest_route=\/wp\/v2\/users\/2"}],"replies":[{"embeddable":true,"href":"http:\/\/www.chapelle-crecy.com\/index.php?rest_route=%2Fwp%2Fv2%2Fcomments&post=757"}],"version-history":[{"count":0,"href":"http:\/\/www.chapelle-crecy.com\/index.php?rest_route=\/wp\/v2\/posts\/757\/revisions"}],"wp:attachment":[{"href":"http:\/\/www.chapelle-crecy.com\/index.php?rest_route=%2Fwp%2Fv2%2Fmedia&parent=757"}],"wp:term":[{"taxonomy":"category","embeddable":true,"href":"http:\/\/www.chapelle-crecy.com\/index.php?rest_route=%2Fwp%2Fv2%2Fcategories&post=757"},{"taxonomy":"post_tag","embeddable":true,"href":"http:\/\/www.chapelle-crecy.com\/index.php?rest_route=%2Fwp%2Fv2%2Ftags&post=757"}],"curies":[{"name":"wp","href":"https:\/\/api.w.org\/{rel}","templated":true}]}}