{"id":764,"date":"2014-09-02T20:49:38","date_gmt":"2014-09-02T20:49:38","guid":{"rendered":""},"modified":"-0001-11-30T00:00:00","modified_gmt":"-0001-11-29T22:00:00","slug":"","status":"publish","type":"post","link":"http:\/\/www.chapelle-crecy.com\/?p=764","title":{"rendered":"\u00ab\u00a0Joyeux courage pour la mission !\u00a0\u00bb"},"content":{"rendered":"<div align=\"justify\">&#8230; comme le dit souvent le p\u00e8re Philippe ! Nous voici dans une nouvelle ann\u00e9e pastorale et voici que j&rsquo;entre dans la mission de Cur\u00e9 du P\u00f4le missionnaire de Meaux, \u00e0\u00a0 travers des villes et des campagnes qui ne me sont pas inconnues.<\/p>\n<p>En effet, mes racines familiales sont \u00e0\u00a0 Mareuil, Barcy et Chambry et je suis n\u00e9 \u00e0\u00a0 Meaux o\u00f9 j&rsquo;ai \u00e9t\u00e9 baptis\u00e9 et cat\u00e9chis\u00e9. Apr\u00e8s une scolarit\u00e9 au lyc\u00e9e Pierre de Coubertin, j&rsquo;ai \u00e9tudi\u00e9 le Droit \u00e0\u00a0 Paris avant d&rsquo;effectuer mon service militaire en Allemagne. J&rsquo;ai v\u00e9cu mon adolescence sans la foi. C&rsquo;est \u00e0\u00a0 20 ans que le Christ J\u00e9sus est venu frapper de nouveau \u00e0\u00a0 ma porte et cette conversion &#8230;<\/div>\n<div align=\"justify\">&#8230; s&rsquo;est doubl\u00e9e d&rsquo;un appel \u00e0 Le suivre comme pr\u00eatre ; en juin dernier j&rsquo;ai rendu gr\u00e2ce pour ces 25 ans de sacerdoce presbyt\u00e9ral. 25 ann\u00e9es dans la joie de servir, tout d&rsquo;abord \u00e0 Roissy-en-Brie puis au Val Maubu\u00e9e (Marne-la-Vall\u00e9e), et comme aum\u00f4nier dioc\u00e9sain aupr\u00e8s de la jeunesse. Ces derni\u00e8res ann\u00e9es, j&rsquo;\u00e9tais cur\u00e9-missionnaire dans les secteurs ruraux de la r\u00e9gion de Provins. C&rsquo;est l\u00e0-bas qu&rsquo;avec deux autres confr\u00e8res et plusieurs la\u00efcs nous avons fond\u00e9 la Fraternit\u00e9 Saint-Etienne qui s&rsquo;implante d\u00e9sormais sur le P\u00f4le. Les tr\u00e8s riches ann\u00e9es dans le rural ne m&rsquo;ont pas fait oublier la ville, et mon retour en ville ne me fera pas oublier les campagnes de notre P\u00f4le missionnaire.<br \/>\n Je ne remercierai jamais assez le Seigneur qui nous fait tous grandir, parfois contre vents et mar\u00e9es, dans la joie d&rsquo;\u00eatre des disciples missionnaires. \u00ab La joie de l&rsquo;Evangile remplit le coeur et toute la vie de ceux qui rencontrent J\u00e9sus. Ceux qui se laissent sauver par lui sont lib\u00e9r\u00e9s du p\u00e9ch\u00e9, de la tristesse, du vide int\u00e9rieur, de l&rsquo;isolement. Avec J\u00e9sus Christ, la joie na \u00eet et rena \u00eet toujours \u00bb. Pape Fran\u00e7ois, commencement de l&rsquo;Exhortation<br \/>\n Bonne rentr\u00e9e, en communion dans Celui que personne ne pourra nous d\u00e9rober !<\/p>\n<p> P\u00e8re Thierry LEROY<\/p>\n<p> Cur\u00e9 du P\u00f4le Missionnaire de Meaux<\/p>\n<p> Le service de la cat\u00e9ch\u00e8se de Meaux vous propose 44 secondes de vid\u00e9o pour comprendre [le myst\u00e8re de la croix->https:\/\/www.facebook.com\/video.php?v=505658442824459]. <\/p>\n<div align=\"center\"><img decoding=\"async\" src=\"\/IMG\/jpg\/La-Croix.jpg\" width=250><\/div>\n<p>&#8211;<br \/>\n Regardez ce beau dessin anim\u00e9 et retrouvez-le sur [https:\/\/www.facebook.com\/pages\/Service-cat\u00e9ch\u00e8se-dioc\u00e8se-de-Meaux->https:\/\/www.facebook.com\/pages\/Service-cat\u00e9ch\u00e8se-dioc\u00e8se-de-Meaux]\n<\/p><\/div>\n","protected":false},"excerpt":{"rendered":"<p>&#8230; comme le dit souvent le p\u00e8re Philippe ! Nous voici dans une nouvelle ann\u00e9e pastorale et voici que j&rsquo;entre dans la mission de Cur\u00e9 du P\u00f4le missionnaire de Meaux, \u00e0\u00a0 travers des villes&#46;&#46;&#46;<\/p>\n","protected":false},"author":2,"featured_media":0,"comment_status":"open","ping_status":"open","sticky":false,"template":"","format":"standard","meta":{"footnotes":""},"categories":[],"tags":[],"class_list":["post-764","post","type-post","status-publish","format-standard","hentry"],"_links":{"self":[{"href":"http:\/\/www.chapelle-crecy.com\/index.php?rest_route=\/wp\/v2\/posts\/764","targetHints":{"allow":["GET"]}}],"collection":[{"href":"http:\/\/www.chapelle-crecy.com\/index.php?rest_route=\/wp\/v2\/posts"}],"about":[{"href":"http:\/\/www.chapelle-crecy.com\/index.php?rest_route=\/wp\/v2\/types\/post"}],"author":[{"embeddable":true,"href":"http:\/\/www.chapelle-crecy.com\/index.php?rest_route=\/wp\/v2\/users\/2"}],"replies":[{"embeddable":true,"href":"http:\/\/www.chapelle-crecy.com\/index.php?rest_route=%2Fwp%2Fv2%2Fcomments&post=764"}],"version-history":[{"count":0,"href":"http:\/\/www.chapelle-crecy.com\/index.php?rest_route=\/wp\/v2\/posts\/764\/revisions"}],"wp:attachment":[{"href":"http:\/\/www.chapelle-crecy.com\/index.php?rest_route=%2Fwp%2Fv2%2Fmedia&parent=764"}],"wp:term":[{"taxonomy":"category","embeddable":true,"href":"http:\/\/www.chapelle-crecy.com\/index.php?rest_route=%2Fwp%2Fv2%2Fcategories&post=764"},{"taxonomy":"post_tag","embeddable":true,"href":"http:\/\/www.chapelle-crecy.com\/index.php?rest_route=%2Fwp%2Fv2%2Ftags&post=764"}],"curies":[{"name":"wp","href":"https:\/\/api.w.org\/{rel}","templated":true}]}}