{"id":766,"date":"2014-09-07T10:30:00","date_gmt":"2014-09-07T10:30:00","guid":{"rendered":""},"modified":"-0001-11-30T00:00:00","modified_gmt":"-0001-11-29T22:00:00","slug":"","status":"publish","type":"post","link":"http:\/\/www.chapelle-crecy.com\/?p=766","title":{"rendered":"Annonces de la semaine du 8 au 14 septembre 2014"},"content":{"rendered":"<table bgcolor =\"F0FAFF\" border=0>\n<tbody>\n<tr>\n<td>\n<div align=\"justify\">\n<div \"712\">Voici les annonces de la p\u00e9riode du lundi 8 au dimanche 14 septembre 2014 pour la paroisse des 3 clochers Cr\u00e9cy-la-Chapelle, Villiers-sur-Morin, Voulangis. <br \/>\nSamedi 13 \u00e0\u00a0 18 h 30, messe \u00e0\u00a0 Voulangis<br \/>\nDimanche 14 \u00e0\u00a0 10 h 30 &#8211; Messe \u00e0\u00a0 Cr\u00e9cy<br \/>\nRetrouvez tous les d\u00e9tails dans la suite &#8230;<\/div>\n<\/div>\n<\/td>\n<\/tr>\n<\/tbody>\n<\/table>\n<table bgcolor =\"F0F6FF\" border=0>\n<tbody>\n<tr>\n<td width=\"25%\"><font color=\"00CC00\">Lundi 8 septembre<\/font><\/td>\n<td><font color=\"00CC00\">17 h  C\u00e9l\u00e9bration \u00e0 la Maison de Retraite<\/font><\/td>\n<td><font color=\"00CC00\">20 h 30 &#8211; R\u00e9union de l&rsquo;Equipe ACCUEIL au presbyt\u00e8re<br \/>\n<\/font><\/td>\n<\/tr>\n<tr>\n<td><font color=\"B4B000\">Mardi 9 septembre<\/font><\/td>\n<td><font color=\"B4B000\"><\/p>\n<div align=\"center\"><img decoding=\"async\" src=\"\/IMG\/lieux\/fossano1.jpg\"  width=150><\/div>\n<p><\/font><\/td>\n<td><font color=\"B4B000\">18 h &#8211; Messe \u00e0 Cr\u00e9cy pour Odette CAROUGE et Christiane MEIGNANT<br \/>\n<\/font><\/td>\n<tr>\n<td><font color=\"0022CC\">Mercredi 10 septembre<\/font><\/td>\n<td><font color=\"0022CC\">9 h &#8211; Messe \u00e0 Cr\u00e9cy pour Raymonde et Michel LEROUX<br \/>\n<\/font><\/td>\n<td><font color=\"0022CC\"><\/p>\n<div align=\"center\"><img decoding=\"async\" src=\"\/IMG\/lieux\/montferrand.jpg\"  width=150><\/div>\n<p><\/font><\/td>\n<\/tr>\n<tr>\n<td><font color=\"00CC00\">Jeudi 11 septembre<\/font><\/td>\n<td><font color=\"00CC00\"><\/p>\n<div align=\"center\"><img decoding=\"async\" src=\"\/IMG\/lieux\/sanjuan01.jpg\"  width=150><\/div>\n<p><\/font><\/td>\n<td><font color=\"00CC00\">9 h &#8211; Messe \u00e0 Cr\u00e9cy pour Alexandre LEBEL et Georges PICARD<br \/>\n<\/font><\/td>\n<\/tr>\n<tr>\n<td><font color=\"B4B000\">Vendredi 12 septembre<\/font><\/td>\n<td><font color=\"B4B000\">9 h &#8211; Messe \u00e0 Cr\u00e9cy pour Andr\u00e9 CHAMPIN et Auzenda CATUMBA<br \/>\n<\/font><\/td>\n<td><font color=\"B4B000\"><\/p>\n<div align=\"center\"><img decoding=\"async\" src=\"\/IMG\/lieux\/vannes.jpg\"  width=150><\/div>\n<p><\/font><\/td>\n<\/tr>\n<td><font color=\"0022CC\">Samedi 13 septembre<\/font><\/td>\n<td><font color=\"0022CC\"><\/p>\n<div align=\"center\"><img decoding=\"async\" src=\"\/IMG\/lieux\/voulangis_eglise4.jpg\"  width=150><\/div>\n<p><\/font><\/td>\n<td><font color=\"0022CC\">18 h 30 &#8211; Messe \u00e0 Voulangis pour Jean ROSIER et Michel DEDIEU . Nous c\u00e9l\u00e8brerons aussi le Bapt\u00eame de Ma\u00ebl SOURDET.<br \/>\n<\/font><\/td>\n<\/tr>\n<tr>\n<td><font color=\"00CC00\">Dimanche 14 septembre<\/font><\/td>\n<td><font color=\"00CC00\">10 h 30 &#8211; Messe \u00e0 Cr\u00e9cy pour Jean PANHARD et C\u00e9line CHARLES.<br \/>\n<\/font><\/td>\n<td><font color=\"00CC00\"><\/p>\n<div align=\"center\"><img decoding=\"async\" src=\"\/IMG\/lieux\/stgeorges12.jpg\"  width=150><\/div>\n<p><\/font><\/td>\n<\/tr>\n<\/tbody>\n<\/table>\n","protected":false},"excerpt":{"rendered":"<p>Voici les annonces de la p\u00e9riode du lundi 8 au dimanche 14 septembre 2014 pour la paroisse des 3 clochers Cr\u00e9cy-la-Chapelle, Villiers-sur-Morin, Voulangis. Samedi 13 \u00e0\u00a0 18 h 30, messe \u00e0\u00a0 Voulangis Dimanche 14&#46;&#46;&#46;<\/p>\n","protected":false},"author":2,"featured_media":0,"comment_status":"open","ping_status":"open","sticky":false,"template":"","format":"standard","meta":{"footnotes":""},"categories":[],"tags":[],"class_list":["post-766","post","type-post","status-publish","format-standard","hentry"],"_links":{"self":[{"href":"http:\/\/www.chapelle-crecy.com\/index.php?rest_route=\/wp\/v2\/posts\/766","targetHints":{"allow":["GET"]}}],"collection":[{"href":"http:\/\/www.chapelle-crecy.com\/index.php?rest_route=\/wp\/v2\/posts"}],"about":[{"href":"http:\/\/www.chapelle-crecy.com\/index.php?rest_route=\/wp\/v2\/types\/post"}],"author":[{"embeddable":true,"href":"http:\/\/www.chapelle-crecy.com\/index.php?rest_route=\/wp\/v2\/users\/2"}],"replies":[{"embeddable":true,"href":"http:\/\/www.chapelle-crecy.com\/index.php?rest_route=%2Fwp%2Fv2%2Fcomments&post=766"}],"version-history":[{"count":0,"href":"http:\/\/www.chapelle-crecy.com\/index.php?rest_route=\/wp\/v2\/posts\/766\/revisions"}],"wp:attachment":[{"href":"http:\/\/www.chapelle-crecy.com\/index.php?rest_route=%2Fwp%2Fv2%2Fmedia&parent=766"}],"wp:term":[{"taxonomy":"category","embeddable":true,"href":"http:\/\/www.chapelle-crecy.com\/index.php?rest_route=%2Fwp%2Fv2%2Fcategories&post=766"},{"taxonomy":"post_tag","embeddable":true,"href":"http:\/\/www.chapelle-crecy.com\/index.php?rest_route=%2Fwp%2Fv2%2Ftags&post=766"}],"curies":[{"name":"wp","href":"https:\/\/api.w.org\/{rel}","templated":true}]}}