{"id":768,"date":"2014-09-12T10:04:27","date_gmt":"2014-09-12T10:04:27","guid":{"rendered":""},"modified":"-0001-11-30T00:00:00","modified_gmt":"-0001-11-29T22:00:00","slug":"","status":"publish","type":"post","link":"http:\/\/www.chapelle-crecy.com\/?p=768","title":{"rendered":"La Paroisse des Trois Clochers vous accueille"},"content":{"rendered":"<div align=\"justify\">\nDans l&rsquo;Eglise, Peuple de Dieu, les la\u00efcs se doivent d&rsquo;accueillir tous ceux qui, \u00e0 un moment de leur vie, poussent la porte du presbyt\u00e8re pour demander un service, un renseignement, ou trouver une \u00e9coute attentive. <\/p>\n<p> Avec le P\u00e8re Antoine DUNIA, toute l&rsquo;\u00e9quipe d&rsquo;Accueil de la Paroisse sera heureuse de vous recevoir au presbyt\u00e8re de Cr\u00e9cy le SAMEDI de 10 h \u00e0 12 h.<\/p>\n<p> Qu&rsquo;il s&rsquo;agisse de vous renseigner pour vos d\u00e9marches paroissiales (bapt\u00eame, mariage, information, etc), que vous d\u00e9siriez utiliser l\u00e2\u20ac\u02dc\u00e9glise Saint-Georges ou la Coll\u00e9giale pour une manifestation culturelle, ou que vous souhaitiez participer \u00e0 la vie paroissiale, contactez-nous au 01.64.63.82.77 ou 06.52.28.28.02<br \/>\n Responsables Equipe Accueil: Alain et Eliane Macquart. tel : 01.64.63.84.56<\/p>\n<p> Secr\u00e9tariat paroisse : Christelle Carrara.<\/p><\/div>\n<p>Contact mail : secretariatdes3clochers@orange.fr<\/p>\n","protected":false},"excerpt":{"rendered":"<p>Dans l&rsquo;Eglise, Peuple de Dieu, les la\u00efcs se doivent d&rsquo;accueillir tous ceux qui, \u00e0 un moment de leur vie, poussent la porte du presbyt\u00e8re pour demander un service, un renseignement, ou trouver une \u00e9coute&#46;&#46;&#46;<\/p>\n","protected":false},"author":2,"featured_media":0,"comment_status":"open","ping_status":"open","sticky":false,"template":"","format":"standard","meta":{"footnotes":""},"categories":[],"tags":[],"class_list":["post-768","post","type-post","status-publish","format-standard","hentry"],"_links":{"self":[{"href":"http:\/\/www.chapelle-crecy.com\/index.php?rest_route=\/wp\/v2\/posts\/768","targetHints":{"allow":["GET"]}}],"collection":[{"href":"http:\/\/www.chapelle-crecy.com\/index.php?rest_route=\/wp\/v2\/posts"}],"about":[{"href":"http:\/\/www.chapelle-crecy.com\/index.php?rest_route=\/wp\/v2\/types\/post"}],"author":[{"embeddable":true,"href":"http:\/\/www.chapelle-crecy.com\/index.php?rest_route=\/wp\/v2\/users\/2"}],"replies":[{"embeddable":true,"href":"http:\/\/www.chapelle-crecy.com\/index.php?rest_route=%2Fwp%2Fv2%2Fcomments&post=768"}],"version-history":[{"count":0,"href":"http:\/\/www.chapelle-crecy.com\/index.php?rest_route=\/wp\/v2\/posts\/768\/revisions"}],"wp:attachment":[{"href":"http:\/\/www.chapelle-crecy.com\/index.php?rest_route=%2Fwp%2Fv2%2Fmedia&parent=768"}],"wp:term":[{"taxonomy":"category","embeddable":true,"href":"http:\/\/www.chapelle-crecy.com\/index.php?rest_route=%2Fwp%2Fv2%2Fcategories&post=768"},{"taxonomy":"post_tag","embeddable":true,"href":"http:\/\/www.chapelle-crecy.com\/index.php?rest_route=%2Fwp%2Fv2%2Ftags&post=768"}],"curies":[{"name":"wp","href":"https:\/\/api.w.org\/{rel}","templated":true}]}}