{"id":769,"date":"2014-09-16T13:29:29","date_gmt":"2014-09-16T13:29:29","guid":{"rendered":""},"modified":"-0001-11-30T00:00:00","modified_gmt":"-0001-11-29T22:00:00","slug":"","status":"publish","type":"post","link":"http:\/\/www.chapelle-crecy.com\/?p=769","title":{"rendered":"B\u00e9n\u00e9diction et inauguration officielle du clocher de l&rsquo;\u00e9glise Saint-Georges \u00e0\u00a0 Cr\u00e9cy-la-Chapelle samedi 20 septembre 2014 \u00e0\u00a0 10h"},"content":{"rendered":"<div align=\"justify\">\nLa restauration du clocher s&rsquo;est termin\u00e9e au 1er trimestre 2014, apr\u00e8s plus d&rsquo;un an de travaux mais c&rsquo;est ce samedi qu&rsquo;ont lieu sa b\u00e9n\u00e9diction et son inauguration officielle. <\/p>\n<div align=\"center\"><img decoding=\"async\" src=\"\/IMG\/jpg\/restauration-eglise.jpg\" width=250><\/div>\n<p>Les travaux de restauration ont consist\u00e9 \u00e0\u00a0 effectuer plusieurs op\u00e9rations :<br \/>\n&#8211; remise en \u00e9tat et \u00e9tanch\u00e9it\u00e9 de la terrasse du clocher,<br \/>\n&#8211; r\u00e9paration du garde corps et de certaines balustres,<br \/>\n&#8211; renforcement des assises ma\u00e7onn\u00e9es du campanaire,<br \/>\n&#8211; r\u00e9fection des parements,<br \/>\n&#8211; remplacement des pierres fendues ou fissur\u00e9es,<br \/>\n&#8211; remplacement des grillages oxyd\u00e9s et des abat-son.<\/p>\n<p> <span style=\"padding:0 .2em;border:medium double blue;white-space: nowrap;\">Mais, quel est le sens de la b\u00e9n\u00e9diction ?<\/span><\/div>\n<div align=\"justify\">\n Au niveau spirituel, c&rsquo;est important de prier Dieu pour le travail accompli, pour les artisans qui ont oeuvr\u00e9, pour toutes les personnes ou institutions qui ont particip\u00e9 par leur appui financier ou logistique. Mais \u00e0 travers objets ou lieux, ce sont aussi surtout tous les hommes et femmes qui s&rsquo;en servent qui sont pr\u00e9sent\u00e9s \u00e0 la b\u00e9n\u00e9diction du Seigneur, en particulier toutes les personnes de notre vall\u00e9e qui entendent le son des cloches, s&rsquo;invitant au milieu de leur occupation ou activit\u00e9, \u00e0 un moment de la journ\u00e9e. <\/p>\n<div align=\"center\"><img decoding=\"async\" src=\"\/IMG\/jpg\/Clocher-2.jpg\" width=350><\/div>\n<p> L&rsquo;inauguration officielle aura lieu \u00e0 11h30 et sera pr\u00e9c\u00e9d\u00e9e de la messe de b\u00e9n\u00e9diction \u00e0 10h, c\u00e9l\u00e9br\u00e9e par S.E Mgr Jean-Yves Nahmias, \u00e9v\u00eaque de Meaux.\n<\/p><\/div>\n<table>\n<tbody>\n<tr>\n<td>\n<div align=\"center\"><img decoding=\"async\" src=\"\/IMG\/lieux\/stgeorges11.jpg\" height=300\"><br \/>\nAVANT<\/div>\n<\/td>\n<td>\n<div align=\"center\"><img decoding=\"async\" src=\"\/IMG\/lieux\/stgeorges16.jpg\" height=300\"><br \/>\nAPRES<\/div>\n<\/td>\n<\/tbody>\n<\/table>\n","protected":false},"excerpt":{"rendered":"<p>La restauration du clocher s&rsquo;est termin\u00e9e au 1er trimestre 2014, apr\u00e8s plus d&rsquo;un an de travaux mais c&rsquo;est ce samedi qu&rsquo;ont lieu sa b\u00e9n\u00e9diction et son inauguration officielle. Les travaux de restauration ont consist\u00e9&#46;&#46;&#46;<\/p>\n","protected":false},"author":2,"featured_media":0,"comment_status":"open","ping_status":"open","sticky":false,"template":"","format":"standard","meta":{"footnotes":""},"categories":[],"tags":[],"class_list":["post-769","post","type-post","status-publish","format-standard","hentry"],"_links":{"self":[{"href":"http:\/\/www.chapelle-crecy.com\/index.php?rest_route=\/wp\/v2\/posts\/769","targetHints":{"allow":["GET"]}}],"collection":[{"href":"http:\/\/www.chapelle-crecy.com\/index.php?rest_route=\/wp\/v2\/posts"}],"about":[{"href":"http:\/\/www.chapelle-crecy.com\/index.php?rest_route=\/wp\/v2\/types\/post"}],"author":[{"embeddable":true,"href":"http:\/\/www.chapelle-crecy.com\/index.php?rest_route=\/wp\/v2\/users\/2"}],"replies":[{"embeddable":true,"href":"http:\/\/www.chapelle-crecy.com\/index.php?rest_route=%2Fwp%2Fv2%2Fcomments&post=769"}],"version-history":[{"count":0,"href":"http:\/\/www.chapelle-crecy.com\/index.php?rest_route=\/wp\/v2\/posts\/769\/revisions"}],"wp:attachment":[{"href":"http:\/\/www.chapelle-crecy.com\/index.php?rest_route=%2Fwp%2Fv2%2Fmedia&parent=769"}],"wp:term":[{"taxonomy":"category","embeddable":true,"href":"http:\/\/www.chapelle-crecy.com\/index.php?rest_route=%2Fwp%2Fv2%2Fcategories&post=769"},{"taxonomy":"post_tag","embeddable":true,"href":"http:\/\/www.chapelle-crecy.com\/index.php?rest_route=%2Fwp%2Fv2%2Ftags&post=769"}],"curies":[{"name":"wp","href":"https:\/\/api.w.org\/{rel}","templated":true}]}}