{"id":771,"date":"2014-09-15T01:09:00","date_gmt":"2014-09-15T01:09:00","guid":{"rendered":""},"modified":"-0001-11-30T00:00:00","modified_gmt":"-0001-11-29T22:00:00","slug":"","status":"publish","type":"post","link":"http:\/\/www.chapelle-crecy.com\/?p=771","title":{"rendered":"L&rsquo;Ukraine s&rsquo;invite \u00e0\u00a0 Claye-Souilly"},"content":{"rendered":"<div align=\"justify\">\nChers amateurs de musique,<\/p>\n<p>Ne manquez sous aucun pr\u00e9texte, le prochain concert du Festival de Musique de Claye-Souilly.<br \/>\nUn ensemble ukrainien viendra r\u00e9galer nos oreilles et nos yeux malgr\u00e9 les difficult\u00e9s qui persistent dans le pays depuis de nombreux mois.<br \/>\nLa musique n&rsquo;ayant pas de fronti\u00e8res, notre pr\u00e9sence sera un soutien et un t\u00e9moignage d&rsquo;amiti\u00e9 \u00e0\u00a0 ce peuple qui souffre.<\/p>\n<p>Billets en vente: Photos Fleury (rue Jean-Jaur\u00e8s \u00e0\u00a0 Claye-Souilly) et sur place le jour du concert.<\/p>\n<p>Marie-H\u00e9l\u00e8ne Caspar<br \/>\nPr\u00e9sidente du Festival\n<\/p><\/div>\n<div align=\"justify\">\n<div align=\"center\"><img decoding=\"async\" src=\"\/IMG\/jpg\/Kaspar-1.jpg\" width=450><\/div>\n<div align=\"center\"><img decoding=\"async\" src=\"\/IMG\/jpg\/Kaspar-2.jpg\" width=450><\/div>\n<\/div>\n","protected":false},"excerpt":{"rendered":"<p>Chers amateurs de musique, Ne manquez sous aucun pr\u00e9texte, le prochain concert du Festival de Musique de Claye-Souilly. Un ensemble ukrainien viendra r\u00e9galer nos oreilles et nos yeux malgr\u00e9 les difficult\u00e9s qui persistent dans&#46;&#46;&#46;<\/p>\n","protected":false},"author":2,"featured_media":0,"comment_status":"open","ping_status":"open","sticky":false,"template":"","format":"standard","meta":{"footnotes":""},"categories":[],"tags":[],"class_list":["post-771","post","type-post","status-publish","format-standard","hentry"],"_links":{"self":[{"href":"http:\/\/www.chapelle-crecy.com\/index.php?rest_route=\/wp\/v2\/posts\/771","targetHints":{"allow":["GET"]}}],"collection":[{"href":"http:\/\/www.chapelle-crecy.com\/index.php?rest_route=\/wp\/v2\/posts"}],"about":[{"href":"http:\/\/www.chapelle-crecy.com\/index.php?rest_route=\/wp\/v2\/types\/post"}],"author":[{"embeddable":true,"href":"http:\/\/www.chapelle-crecy.com\/index.php?rest_route=\/wp\/v2\/users\/2"}],"replies":[{"embeddable":true,"href":"http:\/\/www.chapelle-crecy.com\/index.php?rest_route=%2Fwp%2Fv2%2Fcomments&post=771"}],"version-history":[{"count":0,"href":"http:\/\/www.chapelle-crecy.com\/index.php?rest_route=\/wp\/v2\/posts\/771\/revisions"}],"wp:attachment":[{"href":"http:\/\/www.chapelle-crecy.com\/index.php?rest_route=%2Fwp%2Fv2%2Fmedia&parent=771"}],"wp:term":[{"taxonomy":"category","embeddable":true,"href":"http:\/\/www.chapelle-crecy.com\/index.php?rest_route=%2Fwp%2Fv2%2Fcategories&post=771"},{"taxonomy":"post_tag","embeddable":true,"href":"http:\/\/www.chapelle-crecy.com\/index.php?rest_route=%2Fwp%2Fv2%2Ftags&post=771"}],"curies":[{"name":"wp","href":"https:\/\/api.w.org\/{rel}","templated":true}]}}