{"id":772,"date":"2014-09-16T11:05:00","date_gmt":"2014-09-16T11:05:00","guid":{"rendered":""},"modified":"-0001-11-30T00:00:00","modified_gmt":"-0001-11-29T22:00:00","slug":"","status":"publish","type":"post","link":"http:\/\/www.chapelle-crecy.com\/?p=772","title":{"rendered":"JOURNEES DU PATRIMOINE: visite \u00ab\u00a0porte ferm\u00e9e\u00a0\u00bb de l&rsquo;\u00e9glise St Denis de Quincy-Voisins"},"content":{"rendered":"<div align=\"jusify\">\nAu cours de cette journ\u00e9e, vous pourrez d\u00e9couvrir ce monument charg\u00e9 d&rsquo;histoire avec son architecture remarquable en compagnie de sp\u00e9cialistes et de passionn\u00e9s.<br \/>\nR\u00e9cemment ferm\u00e9e au public pour des raisons de s\u00e9curit\u00e9, les visites se feront par l&rsquo;ext\u00e9rieur et les diff\u00e9rents stands vous accueilleront sur le parvis.<br \/>\nUne bonne occasion pour voir les monuments de notre r\u00e9gion sous un autre angle en prenant tout son temps.<br \/>\nRendez-vous donc le samedi 20 septembre, \u00e0\u00a0 partir de 10h00 sur le parvis de l&rsquo;\u00e9glise \u00e0\u00a0 Quincy-Voisins.\n<\/div>\n<div align=\"center\"><img decoding=\"async\" src=\"\/IMG\/jpg\/Quincy-1.jpg\" width=450><\/div>\n<div align=\"center\"><img decoding=\"async\" src=\"\/IMG\/jpg\/Quincy-2.jpg\" width=450><\/div>\n","protected":false},"excerpt":{"rendered":"<p>Au cours de cette journ\u00e9e, vous pourrez d\u00e9couvrir ce monument charg\u00e9 d&rsquo;histoire avec son architecture remarquable en compagnie de sp\u00e9cialistes et de passionn\u00e9s. R\u00e9cemment ferm\u00e9e au public pour des raisons de s\u00e9curit\u00e9, les visites&#46;&#46;&#46;<\/p>\n","protected":false},"author":2,"featured_media":0,"comment_status":"open","ping_status":"open","sticky":false,"template":"","format":"standard","meta":{"footnotes":""},"categories":[],"tags":[],"class_list":["post-772","post","type-post","status-publish","format-standard","hentry"],"_links":{"self":[{"href":"http:\/\/www.chapelle-crecy.com\/index.php?rest_route=\/wp\/v2\/posts\/772","targetHints":{"allow":["GET"]}}],"collection":[{"href":"http:\/\/www.chapelle-crecy.com\/index.php?rest_route=\/wp\/v2\/posts"}],"about":[{"href":"http:\/\/www.chapelle-crecy.com\/index.php?rest_route=\/wp\/v2\/types\/post"}],"author":[{"embeddable":true,"href":"http:\/\/www.chapelle-crecy.com\/index.php?rest_route=\/wp\/v2\/users\/2"}],"replies":[{"embeddable":true,"href":"http:\/\/www.chapelle-crecy.com\/index.php?rest_route=%2Fwp%2Fv2%2Fcomments&post=772"}],"version-history":[{"count":0,"href":"http:\/\/www.chapelle-crecy.com\/index.php?rest_route=\/wp\/v2\/posts\/772\/revisions"}],"wp:attachment":[{"href":"http:\/\/www.chapelle-crecy.com\/index.php?rest_route=%2Fwp%2Fv2%2Fmedia&parent=772"}],"wp:term":[{"taxonomy":"category","embeddable":true,"href":"http:\/\/www.chapelle-crecy.com\/index.php?rest_route=%2Fwp%2Fv2%2Fcategories&post=772"},{"taxonomy":"post_tag","embeddable":true,"href":"http:\/\/www.chapelle-crecy.com\/index.php?rest_route=%2Fwp%2Fv2%2Ftags&post=772"}],"curies":[{"name":"wp","href":"https:\/\/api.w.org\/{rel}","templated":true}]}}