{"id":773,"date":"2014-09-20T10:28:43","date_gmt":"2014-09-20T10:28:43","guid":{"rendered":""},"modified":"-0001-11-30T00:00:00","modified_gmt":"-0001-11-29T22:00:00","slug":"","status":"publish","type":"post","link":"http:\/\/www.chapelle-crecy.com\/?p=773","title":{"rendered":"Annonces de la semaine du 22 au 28 septembre 2014"},"content":{"rendered":"<table bgcolor =\"F0FAFF\" border=0>\n<tbody>\n<tr>\n<td>\n<div align=\"justify\">\n<div \"720\">Voici les annonces de la p\u00e9riode du lundi 22 au dimanche 28 septembre 2014 pour la paroisse des 3 clochers Cr\u00e9cy-la-Chapelle, Villiers-sur-Morin, Voulangis. <br \/>\nSamedi 27 \u00e0\u00a0 18 h 30, messe \u00e0\u00a0 Voulangis<br \/>\nDimanche 28 &#8211; pas de messe <br \/>\nRetrouvez tous les d\u00e9tails dans la suite &#8230;<\/div>\n<\/div>\n<\/td>\n<\/tr>\n<\/tbody>\n<\/table>\n<table bgcolor =\"F0F6FF\" border=0>\n<tbody>\n<tr>\n<td width=\"25%\"><font color=\"00CC00\">Lundi 22 septembre<\/font><\/td>\n<td><font color=\"00CC00\">17 h  C\u00e9l\u00e9bration \u00e0  la Maison de Retraite.<\/font><\/td>\n<td><font color=\"00CC00\"><\/p>\n<div align=\"center\"><img decoding=\"async\" src=\"\/IMG\/jpg\/MR_Crecy_2.jpg\" width=150><\/div>\n<p><\/font><\/td>\n<\/tr>\n<tr>\n<td><font color=\"B4B000\">Mardi 23 septembre<\/font><\/td>\n<td><font color=\"B4B000\"><\/p>\n<div align=\"center\"><img decoding=\"async\" src=\"\/IMG\/reportages\/compostelle1.jpg\"  width=150><\/div>\n<p><\/font><\/td>\n<td><font color=\"B4B000\">18 h &#8211; Messe \u00e0 Cr\u00e9cy pour deux personnes en souffrance.<br \/>\n<\/font><\/td>\n<tr>\n<td><font color=\"0022CC\">Mercredi 24 septembre<\/font><\/td>\n<td><font color=\"0022CC\">9 h &#8211; Messe \u00e0 Cr\u00e9cy pour Lucien GORRET et Michel COUTAREL.<br \/>\n<\/font><\/td>\n<td><font color=\"0022CC\"><img decoding=\"async\" src=\"\/IMG\/reportages\/peyragude03.jpg\"  width=150><\/div>\n<p><\/font><\/td>\n<\/tr>\n<tr>\n<td><font color=\"00CC00\">Jeudi 25 septembre<\/font><\/td>\n<td><font color=\"00CC00\"><img decoding=\"async\" src=\"\/IMG\/reportages\/verdelot20092.jpg\"  width=150><\/div>\n<p><\/font><\/td>\n<td><font color=\"00CC00\">18 h &#8211; Messe \u00e0 Cr\u00e9cy pour Violette CHILLY et  Lucette BRASILLIER.<br \/>\n<\/font><\/td>\n<\/tr>\n<tr>\n<td><font color=\"B4B000\">Vendredi 26 septembre<\/font><\/td>\n<td><font color=\"B4B000\">18 h &#8211; Messe \u00e0 Cr\u00e9cy pour Ren\u00e9 THIEBAULT et Ghislaine DEBRABANDER.<br \/>\n<\/font><\/td>\n<td><font color=\"B4B000\"><\/p>\n<div align=\"center\"><img decoding=\"async\" src=\"\/IMG\/reportages\/verdelais\/03.jpg\"  width=150><\/div>\n<p><\/font><\/td>\n<\/tr>\n<td><font color=\"0022CC\">Samedi 27 septembre<\/font><\/td>\n<td><font color=\"0022CC\">15 h &#8211; A la Coll\u00e9giale, mariage de Betty LISE et Alberto LO CURTO.<\/p>\n<p><\/font><\/td>\n<td><font color=\"0022CC\">18 h 30 &#8211; Messe \u00e0 Voulangis pour Maryvonne MATHONNET et Collette CAILLOT.<br \/>\n<\/font><\/td>\n<\/tr>\n<tr>\n<td><font color=\"00CC00\">Dimanche 28 septembre<\/font><\/td>\n<td><font color=\"00CC00\">En raison du P\u00e8lerinage de P\u00f4le, il n&rsquo;y aura pas de messe en paroisse.<br \/>\n<\/font><\/td>\n<td><font color=\"00CC00\">Le programme du pelerinage de pole : [Programme ->http:\/\/www.pole-missionnaire-de-meaux.com\/dimanche-28-septembre-journ%C3%A9e-de-lancement-du-p%C3%B4le-p%C3%A9l%C3%A9rinage-sur-les-lieux-de-m%C3%A9moire-de-la-bata\/]<br \/>\n<\/font><\/td>\n<\/tr>\n<\/tbody>\n<\/table>\n","protected":false},"excerpt":{"rendered":"<p>Voici les annonces de la p\u00e9riode du lundi 22 au dimanche 28 septembre 2014 pour la paroisse des 3 clochers Cr\u00e9cy-la-Chapelle, Villiers-sur-Morin, Voulangis. Samedi 27 \u00e0\u00a0 18 h 30, messe \u00e0\u00a0 Voulangis Dimanche 28&#46;&#46;&#46;<\/p>\n","protected":false},"author":2,"featured_media":0,"comment_status":"open","ping_status":"open","sticky":false,"template":"","format":"standard","meta":{"footnotes":""},"categories":[],"tags":[],"class_list":["post-773","post","type-post","status-publish","format-standard","hentry"],"_links":{"self":[{"href":"http:\/\/www.chapelle-crecy.com\/index.php?rest_route=\/wp\/v2\/posts\/773","targetHints":{"allow":["GET"]}}],"collection":[{"href":"http:\/\/www.chapelle-crecy.com\/index.php?rest_route=\/wp\/v2\/posts"}],"about":[{"href":"http:\/\/www.chapelle-crecy.com\/index.php?rest_route=\/wp\/v2\/types\/post"}],"author":[{"embeddable":true,"href":"http:\/\/www.chapelle-crecy.com\/index.php?rest_route=\/wp\/v2\/users\/2"}],"replies":[{"embeddable":true,"href":"http:\/\/www.chapelle-crecy.com\/index.php?rest_route=%2Fwp%2Fv2%2Fcomments&post=773"}],"version-history":[{"count":0,"href":"http:\/\/www.chapelle-crecy.com\/index.php?rest_route=\/wp\/v2\/posts\/773\/revisions"}],"wp:attachment":[{"href":"http:\/\/www.chapelle-crecy.com\/index.php?rest_route=%2Fwp%2Fv2%2Fmedia&parent=773"}],"wp:term":[{"taxonomy":"category","embeddable":true,"href":"http:\/\/www.chapelle-crecy.com\/index.php?rest_route=%2Fwp%2Fv2%2Fcategories&post=773"},{"taxonomy":"post_tag","embeddable":true,"href":"http:\/\/www.chapelle-crecy.com\/index.php?rest_route=%2Fwp%2Fv2%2Ftags&post=773"}],"curies":[{"name":"wp","href":"https:\/\/api.w.org\/{rel}","templated":true}]}}