{"id":778,"date":"2014-10-05T17:30:39","date_gmt":"2014-10-05T17:30:39","guid":{"rendered":""},"modified":"-0001-11-30T00:00:00","modified_gmt":"-0001-11-29T22:00:00","slug":"","status":"publish","type":"post","link":"http:\/\/www.chapelle-crecy.com\/?p=778","title":{"rendered":"\u00ab\u00a0Famille je vous aime\u00a0\u00bb"},"content":{"rendered":"<div align=\"justify\">[Monseigneur Michel Aupetit->http:\/\/www.libertepolitique.com\/Actualite\/Le-fil\/Manif-pour-tous.-Mgr-Aupetit-Manifester-est-un-droit], \u00e9v\u00eaque du dioc\u00e8se des Hauts-de-Seine depuis le 4 mai 2014, profite du d\u00e9but de l&rsquo;ann\u00e9e scolaire pour nous inviter particuli\u00e8rement \u00e0\u00a0 r\u00e9fl\u00e9chir sur la famille. Bien s\u00fbr, le [synode sur la famille->http:\/\/www.la-croix.com\/Religion\/Synode-sur-la-famille] qui s&rsquo;ouvre \u00e0\u00a0 Rome aujourd&rsquo;hui pendant deux semaines, est la premi\u00e8re raison qui nous oblige \u00e0\u00a0 aborder ce th\u00e8me. Mais, aussi, \u00e0\u00a0 Boulogne-Billancourt, la [Maison Saint Francois de Sales->http:\/\/www.chantiersducardinal.fr\/travaux\/projets-eglises\/espace-saint-francois-de-sales-a-boulogne-billancourt-92\/17-espace-saint-francois-de-sales-a-boulogne-billancourt-92], inaugur\u00e9e les 10, 11 et 12 octobre, va accueillir en son sein la Maison des Familles.<\/div>\n<p><span style=\"color: blue;\">Histoire d&rsquo;une \u00e9volution complexe<\/span><\/p>\n<p> Quelquefois, la famille appara \u00eet comme une instance immuable fond\u00e9e sur un coupe \u00e0 l&rsquo;origine de la vie et de la filiation. Or, l&rsquo;histoire nous r\u00e9v\u00e8le une \u00e9volution complexe de la notion de famille. D&rsquo;apr\u00e8s les historiens, \u00e0 l&rsquo;\u00e8re pal\u00e9olithique, les soci\u00e9t\u00e9s vivent sous le r\u00e9gime du matriarcat avec un syst\u00e8me endogamique (unions \u00e0 l&rsquo;int\u00e9rieur du clan) o\u00f9 la figure paternelle n&rsquo;existe pas. Par cette filiation matrilin\u00e9aire les enfants n&rsquo;ont qu&rsquo;un seul parent: la m\u00e8re. Ces soci\u00e9t\u00e9s nomades ou semi-itin\u00e9rantes sont compos\u00e9es de 40 \u00e0 60 personnes en guerre perp\u00e9tuelle. Ce type de structure familiale est g\u00e9n\u00e9ralis\u00e9 puisqu&rsquo;il se retrouve chez les Canan\u00e9ens, les Egyptiens, les Numides, les Berb\u00e8res, les Grecs primitifs (Sparte et Cr\u00e8te), les Etrusques et il en existe des traces aussi bien en Inde que dans les soci\u00e9t\u00e9s am\u00e9rindiennes et chez les Esquimaux.<\/p>\n<p> L&rsquo;apparition progressive du patriarcat au sortir du n\u00e9olithique va bouleverser la structure familiale car l&rsquo;enfant aura d\u00e9sormais deux parents: un p\u00e8re et une m\u00e8re. L&rsquo;inceste et l&rsquo;adult\u00e8re sont alors condamn\u00e9s pour garantir la l\u00e9gitimit\u00e9 du p\u00e8re. On le voit avec les [lois de Gortyne-> http:\/\/remacle.org\/bloodwolf\/lois\/gortyne.htm] en Gr\u00e8ce, la [loi des 12 tables->http:\/\/droitromain.upmf-grenoble.fr\/Francogallica\/twelve_fran.html] \u00e0 Rome et, bien s\u00fbr, [les 10 commandements->http:\/\/www.eglise.catholique.fr\/approfondir-sa-foi\/lexperience-chretienne\/vivre-en-chretien\/372284-les-10-commandements\/] donn\u00e9s \u00e0 Isra\u00ebl. <\/p>\n<div align=\"center\"><img decoding=\"async\" src=\"\/IMG\/jpg\/10commandements.jpg\" width=400><\/div>\n<p>On en d\u00e9couvre aussi des traces, l\u00e0 encore, dans le livre des [morts d&rsquo;Osiris ->http:\/\/www.aly-abbara.com\/voyages_personnels\/egypte\/monuments_traditions\/pages\/livre_des_morts.html]  et dans les lois m\u00e9sopotamiennes. Si, \u00e0 Rome, c&rsquo;est bien le \u00ab\u00a0consentement qui fait les noces\u00a0\u00bb, en r\u00e9alit\u00e9 il n&rsquo;y a pas de choix amoureux. La sexualit\u00e9 est essentiellement orient\u00e9e vers la procr\u00e9ation pour la prosp\u00e9rit\u00e9 de la famille et ce sont les parents qui d\u00e9cident du choix des \u00e9poux. Ceci a perdur\u00e9 tr\u00e8s longtemps et l&rsquo;Eglise n&rsquo;a jamais pu imposer son mod\u00e8le de <span style=\"color: red;\">\u00ab\u00a0mariage chr\u00e9tien fond\u00e9 sur l&rsquo;amour\u00a0\u00bb<\/span> dans les soci\u00e9t\u00e9s pourtant largement \u00e9vang\u00e9lis\u00e9es. En France, ce n&rsquo;est qu&rsquo;\u00e0 partir de 1880 que le mariage d&rsquo;amour est devenu majoritaire.<\/p>\n<div align=\"center\"><img decoding=\"async\" src=\"\/IMG\/jpg\/barbier.jpg\" width=400><\/div>\n<div align=\"center\">Sophie et Franck Barbier ont c\u00e9l\u00e9br\u00e9 leur 20 ans de mariage, entour\u00e9s de leur quatre enfants, dans la petite \u00e9glise de La Haute Maison, le 30 ao\u00fbt 2014<\/div>\n<p> <span style=\"color: blue;\">La famille, question cruciale<\/span><br \/>\n Le petit d&rsquo;homme n&rsquo;a pas m\u00e9moire instinctuelle contrairement \u00e0 la plupart des animaux. Il doit tout acqu\u00e9rir par apprentissage. Il lui faut donc beaucoup de temps pour acqu\u00e9rir son autonomie. D&rsquo;o\u00f9 le besoin d&rsquo;une structure familiale n\u00e9cessaire \u00e0 son d\u00e9veloppement et \u00e0 son \u00e9ducation. <\/p>\n<p> Ensuite, il lui faut apprendre \u00e0 \u00ab\u00a0\u00eatre fils\u00a0\u00bb, c&rsquo;est-\u00e0-dire de s&rsquo;accepter soi-m\u00eame dans une identit\u00e9 qui ne peut se recevoir que d&rsquo;un autre. Il ne suffit pas de se savoir \u00ab\u00a0fils de\u00a0\u00bb bien que les g\u00e9n\u00e9alogies soient pr\u00e9sentes \u00e0 toutes les \u00e9poques.<\/p>\n<p>Alors que les disparit\u00e9s extraordinaires qui existent entre les cultures occidentale, africaine, indienne ou d&rsquo;Am\u00e9rique du Sud, on sent bien  que cette question de la famille est cruciale pour l&rsquo;avenir et qu&rsquo;il convient non seulement de l&rsquo;aimer mais d&rsquo;en faire le creuset de l&rsquo;amour pour b\u00e2tir une civilisation nouvelle.<\/p>\n","protected":false},"excerpt":{"rendered":"<p>[Monseigneur Michel Aupetit->http:\/\/www.libertepolitique.com\/Actualite\/Le-fil\/Manif-pour-tous.-Mgr-Aupetit-Manifester-est-un-droit], \u00e9v\u00eaque du dioc\u00e8se des Hauts-de-Seine depuis le 4 mai 2014, profite du d\u00e9but de l&rsquo;ann\u00e9e scolaire pour nous inviter particuli\u00e8rement \u00e0\u00a0 r\u00e9fl\u00e9chir sur la famille. Bien s\u00fbr, le [synode sur la&#46;&#46;&#46;<\/p>\n","protected":false},"author":2,"featured_media":0,"comment_status":"open","ping_status":"open","sticky":false,"template":"","format":"standard","meta":{"footnotes":""},"categories":[],"tags":[],"class_list":["post-778","post","type-post","status-publish","format-standard","hentry"],"_links":{"self":[{"href":"http:\/\/www.chapelle-crecy.com\/index.php?rest_route=\/wp\/v2\/posts\/778","targetHints":{"allow":["GET"]}}],"collection":[{"href":"http:\/\/www.chapelle-crecy.com\/index.php?rest_route=\/wp\/v2\/posts"}],"about":[{"href":"http:\/\/www.chapelle-crecy.com\/index.php?rest_route=\/wp\/v2\/types\/post"}],"author":[{"embeddable":true,"href":"http:\/\/www.chapelle-crecy.com\/index.php?rest_route=\/wp\/v2\/users\/2"}],"replies":[{"embeddable":true,"href":"http:\/\/www.chapelle-crecy.com\/index.php?rest_route=%2Fwp%2Fv2%2Fcomments&post=778"}],"version-history":[{"count":0,"href":"http:\/\/www.chapelle-crecy.com\/index.php?rest_route=\/wp\/v2\/posts\/778\/revisions"}],"wp:attachment":[{"href":"http:\/\/www.chapelle-crecy.com\/index.php?rest_route=%2Fwp%2Fv2%2Fmedia&parent=778"}],"wp:term":[{"taxonomy":"category","embeddable":true,"href":"http:\/\/www.chapelle-crecy.com\/index.php?rest_route=%2Fwp%2Fv2%2Fcategories&post=778"},{"taxonomy":"post_tag","embeddable":true,"href":"http:\/\/www.chapelle-crecy.com\/index.php?rest_route=%2Fwp%2Fv2%2Ftags&post=778"}],"curies":[{"name":"wp","href":"https:\/\/api.w.org\/{rel}","templated":true}]}}