{"id":779,"date":"2014-10-09T22:58:27","date_gmt":"2014-10-09T22:58:27","guid":{"rendered":""},"modified":"-0001-11-30T00:00:00","modified_gmt":"-0001-11-29T22:00:00","slug":"","status":"publish","type":"post","link":"http:\/\/www.chapelle-crecy.com\/?p=779","title":{"rendered":"Glorious \u00e0\u00a0 Provins le 11 octobre 2014"},"content":{"rendered":"<div align=\"justify\">\n<div align=\"center\"><img decoding=\"async\" src=\"\/IMG\/jpg\/Glorious2.jpg\" width=450><\/div>\n<p>Contact: <span color: blue>concert.glorious.provins@gmail.com<\/span><br \/>\nPage facebook: [facebook.com\/gloriouspop->https:\/\/www.facebook.com\/gloriouspop?ref=br_rs]<br \/>\nRegarde vite les 2 vid\u00e9os ci-dessous !\n<\/div>\n<div align=\"justify\">\n Ce concert sera anim\u00e9 par le groupe [Glorious->http:\/\/www.glorious.fr\/], cr\u00e9e en 2000 apr\u00e8s les JMJ (Journ\u00e9es Mondiales de la Jeunesse) \u00e0 Rome. Ils ont chang\u00e9s l&rsquo;approche des nouvelles g\u00e9n\u00e9rations envers l'[Eglise catholique de France->www.eglise.catholique.fr] et cr\u00e9e aujourd&rsquo;hui un certain engouement aupr\u00e8s de tous. Les textes de leurs chansons sont ouvertement inspir\u00e9s de la Bible et influenc\u00e9e par la musique de pop actuelle.<br \/>\n Ce groupe lyonnais, Glorious, a d\u00e9j\u00e0 vendu plus de 150000 disques (six albums sortis \u00e0 ce jour), et anim\u00e9s plus de 400 concerts dans toute l&rsquo;Europe, montrant un nouveau visage de l&rsquo;Eglise, qui peut passionner et interroger. Ils ont \u00e9t\u00e9 invit\u00e9s par le Cardinal Philippe Barbarin \u00e0 s&rsquo;investir aupr\u00e8s d&rsquo;une paroisse de Lyon o\u00f9 ils proposent une fois par mois un concert de louange.<br \/>\nGlorious a notamment particip\u00e9 aux deux derniers [Frat de Jambville->http:\/\/www.frat.org\/le-fraternel\/article\/le-frat-de-jambville] (en 2011 et 2013) et aux JMJ permettant aux jeunes de vivre et chanter leur foi avec leurs chants.<\/p>\n<div align=\"center\"><iframe loading=\"lazy\" width=\"420\" height=\"315\" src=\"\/\/www.youtube.com\/embed\/hbRHyGAUXg0\" frameborder=\"0\" allowfullscreen><\/iframe><\/div>\n<p> Jeunes, et moins jeunes, de tout horizon, tous sont convi\u00e9s \u00e0 vivre cette soir\u00e9e de louange \u00e0 Provins. Ce temps festif se d\u00e9roulera au gymnase Raymond Vitte le samedi 11 octobre 2014 \u00e0 20h30<br \/>\n(places assises disponibles). Il sera possible de r\u00e9server ses places en amont ou bien de les acheter sur place.<br \/>\n Pour financer ce projet, il sera demand\u00e9 une participation de 8 \u00e2\u201a\u00ac par personne, et pour se ressourcer une buvette sera ouverte.<\/p>\n<div align=\"center\"><iframe loading=\"lazy\" width=\"420\" height=\"315\" src=\"\/\/www.youtube.com\/embed\/qRoQVEaSaJ8\" frameborder=\"0\" allowfullscreen><\/iframe><\/div>\n<p> Nous vous attendons nombreux le 11 octobre et nous comptons sur vous pour faire passer le message.<\/p>\n<div align=\"center\"><img decoding=\"async\" src=\"\/IMG\/jpg\/plan-provins.jpg\" width=450><\/div>\n<\/div>\n","protected":false},"excerpt":{"rendered":"<p>Contact: concert.glorious.provins@gmail.com Page facebook: [facebook.com\/gloriouspop->https:\/\/www.facebook.com\/gloriouspop?ref=br_rs] Regarde vite les 2 vid\u00e9os ci-dessous ! Ce concert sera anim\u00e9 par le groupe [Glorious->http:\/\/www.glorious.fr\/], cr\u00e9e en 2000 apr\u00e8s les JMJ (Journ\u00e9es Mondiales de la Jeunesse) \u00e0 Rome. Ils&#46;&#46;&#46;<\/p>\n","protected":false},"author":2,"featured_media":0,"comment_status":"open","ping_status":"open","sticky":false,"template":"","format":"standard","meta":{"footnotes":""},"categories":[],"tags":[],"class_list":["post-779","post","type-post","status-publish","format-standard","hentry"],"_links":{"self":[{"href":"http:\/\/www.chapelle-crecy.com\/index.php?rest_route=\/wp\/v2\/posts\/779","targetHints":{"allow":["GET"]}}],"collection":[{"href":"http:\/\/www.chapelle-crecy.com\/index.php?rest_route=\/wp\/v2\/posts"}],"about":[{"href":"http:\/\/www.chapelle-crecy.com\/index.php?rest_route=\/wp\/v2\/types\/post"}],"author":[{"embeddable":true,"href":"http:\/\/www.chapelle-crecy.com\/index.php?rest_route=\/wp\/v2\/users\/2"}],"replies":[{"embeddable":true,"href":"http:\/\/www.chapelle-crecy.com\/index.php?rest_route=%2Fwp%2Fv2%2Fcomments&post=779"}],"version-history":[{"count":0,"href":"http:\/\/www.chapelle-crecy.com\/index.php?rest_route=\/wp\/v2\/posts\/779\/revisions"}],"wp:attachment":[{"href":"http:\/\/www.chapelle-crecy.com\/index.php?rest_route=%2Fwp%2Fv2%2Fmedia&parent=779"}],"wp:term":[{"taxonomy":"category","embeddable":true,"href":"http:\/\/www.chapelle-crecy.com\/index.php?rest_route=%2Fwp%2Fv2%2Fcategories&post=779"},{"taxonomy":"post_tag","embeddable":true,"href":"http:\/\/www.chapelle-crecy.com\/index.php?rest_route=%2Fwp%2Fv2%2Ftags&post=779"}],"curies":[{"name":"wp","href":"https:\/\/api.w.org\/{rel}","templated":true}]}}