{"id":781,"date":"2014-10-13T13:14:55","date_gmt":"2014-10-13T13:14:55","guid":{"rendered":""},"modified":"-0001-11-30T00:00:00","modified_gmt":"-0001-11-29T22:00:00","slug":"","status":"publish","type":"post","link":"http:\/\/www.chapelle-crecy.com\/?p=781","title":{"rendered":"Pri\u00e8re pour le synode des familles du 5 au 20 octobre \u00e0\u00a0 Rome"},"content":{"rendered":"<div align=\"justify\">\nPrions avec les \u00e9v\u00eaques r\u00e9unis en Synode par le Pape Fran\u00e7ois autour du th\u00e8me Famille et annonce de l&rsquo;Evangile<\/p>\n<p>J\u00e9sus, Marie et Joseph,<br \/>\nen vous, nous contemplons<br \/>\nla splendeur de l&rsquo;amour vrai.<br \/>\nVers vous, avec confiance,<br \/>\nnous nous tournons.<\/p>\n<p>Sainte Famille de Nazareth,<br \/>\nfais aussi de nos familles<\/p><\/div>\n<div align=\"justify\">\n des lieux de communion:<br \/>\n des c\u00e9nacles de pri\u00e8re,<br \/>\n d&rsquo;authentiques \u00e9coles de l&rsquo;Evangile<br \/>\n et de petites \u00e9glises domestiques.<\/p>\n<p> Sainte Famille de Nazareth,<br \/>\n que jamais plus dans les familles<br \/>\n se vive l&rsquo;exp\u00e9rience<br \/>\n de violence, de fermeture, de division.<br \/>\n Que quiconque ait pu \u00eatre bless\u00e9<br \/>\n ou scandalis\u00e9,<br \/>\n puisse conna \u00eetre bient\u00f4t<br \/>\n consolation et gu\u00e9rison.<\/p>\n<p> Sainte Famille de Nazareth,<br \/>\n que le prochain Synode des Ev\u00eaques<br \/>\n puisse r\u00e9veiller en tous<br \/>\n la conscience bienveillante<br \/>\n du caract\u00e8re sacr\u00e9 et inviolable de la famille,<br \/>\n et sa beaut\u00e9 dans le projet de Dieu.<\/p>\n<p> J\u00e9sus, Marie et Joseph,<br \/>\n Ecoutez,<br \/>\n exaucez notre pri\u00e8re.<br \/>\n AMEN<\/p>\n<div align=\"center\">Pape Fran\u00e7ois  &#8211;  le 29 d\u00e9cembre 2013<\/div>\n<\/div>\n","protected":false},"excerpt":{"rendered":"<p>Prions avec les \u00e9v\u00eaques r\u00e9unis en Synode par le Pape Fran\u00e7ois autour du th\u00e8me Famille et annonce de l&rsquo;Evangile J\u00e9sus, Marie et Joseph, en vous, nous contemplons la splendeur de l&rsquo;amour vrai. Vers vous,&#46;&#46;&#46;<\/p>\n","protected":false},"author":2,"featured_media":0,"comment_status":"open","ping_status":"open","sticky":false,"template":"","format":"standard","meta":{"footnotes":""},"categories":[],"tags":[],"class_list":["post-781","post","type-post","status-publish","format-standard","hentry"],"_links":{"self":[{"href":"http:\/\/www.chapelle-crecy.com\/index.php?rest_route=\/wp\/v2\/posts\/781","targetHints":{"allow":["GET"]}}],"collection":[{"href":"http:\/\/www.chapelle-crecy.com\/index.php?rest_route=\/wp\/v2\/posts"}],"about":[{"href":"http:\/\/www.chapelle-crecy.com\/index.php?rest_route=\/wp\/v2\/types\/post"}],"author":[{"embeddable":true,"href":"http:\/\/www.chapelle-crecy.com\/index.php?rest_route=\/wp\/v2\/users\/2"}],"replies":[{"embeddable":true,"href":"http:\/\/www.chapelle-crecy.com\/index.php?rest_route=%2Fwp%2Fv2%2Fcomments&post=781"}],"version-history":[{"count":0,"href":"http:\/\/www.chapelle-crecy.com\/index.php?rest_route=\/wp\/v2\/posts\/781\/revisions"}],"wp:attachment":[{"href":"http:\/\/www.chapelle-crecy.com\/index.php?rest_route=%2Fwp%2Fv2%2Fmedia&parent=781"}],"wp:term":[{"taxonomy":"category","embeddable":true,"href":"http:\/\/www.chapelle-crecy.com\/index.php?rest_route=%2Fwp%2Fv2%2Fcategories&post=781"},{"taxonomy":"post_tag","embeddable":true,"href":"http:\/\/www.chapelle-crecy.com\/index.php?rest_route=%2Fwp%2Fv2%2Ftags&post=781"}],"curies":[{"name":"wp","href":"https:\/\/api.w.org\/{rel}","templated":true}]}}