{"id":783,"date":"2014-10-26T10:30:00","date_gmt":"2014-10-26T10:30:00","guid":{"rendered":""},"modified":"-0001-11-30T00:00:00","modified_gmt":"-0001-11-29T22:00:00","slug":"","status":"publish","type":"post","link":"http:\/\/www.chapelle-crecy.com\/?p=783","title":{"rendered":"Annonces de la semaine du 27 octobre au 2 novembre 2014"},"content":{"rendered":"<table bgcolor =\"F0FAFF\" border=0>\n<tbody>\n<tr>\n<td>\n<div align=\"justify\">\n<div \"731\">Voici les annonces de la p\u00e9riode du lundi 27 octobre au dimanche 2 novembre 2014 pour la paroisse des 3 clochers Cr\u00e9cy-la-Chapelle, Villiers-sur-Morin, Voulangis. <br \/>\nSamedi 1er \u00e0\u00a0 18 h 30, messe \u00e0\u00a0 Voulangis<br \/>\nDimanche 2 &#8211; messe \u00e0\u00a0 Cr\u00e9cy <br \/>\nRetrouvez tous les d\u00e9tails dans la suite &#8230;<\/div>\n<\/div>\n<\/td>\n<\/tr>\n<\/tbody>\n<\/table>\n<table bgcolor =\"F0F6FF\" border=0>\n<tbody>\n<tr>\n<td width=\"25%\"><font color=\"00CC00\">Lundi 27 octobre<\/font><\/td>\n<td><font color=\"00CC00\">17 h  Messe \u00e0 la Maison de Retraite.<\/font><\/td>\n<td><font color=\"00CC00\"><\/p>\n<div align=\"center\"><img decoding=\"async\" src=\"\/IMG\/jpg\/MR_Crecy_2.jpg\" width=150><\/div>\n<p><\/font><\/td>\n<\/tr>\n<tr>\n<td><font color=\"B4B000\">Mardi 28 octobre<\/font><\/td>\n<td><font color=\"B4B000\"><\/p>\n<div align=\"center\"><img decoding=\"async\" src=\"\/IMG\/jpg\/cimetiere.jpg\"  width=150><\/div>\n<p><\/font><\/td>\n<td><font color=\"B4B000\">18 h &#8211; Messe \u00e0 Cr\u00e9cy pour Edith RIGOLLET et Paule THOMAS.<br \/>\n<\/font><\/td>\n<tr>\n<td><font color=\"0022CC\">Mercredi 29 octobre<\/font><\/td>\n<td><font color=\"0022CC\">9 h &#8211; Messe \u00e0 Cr\u00e9cy pour Andr\u00e9e COFFINIER et Lucien CURCURU.<br \/>\n<\/font><\/td>\n<td><font color=\"0022CC\"><img decoding=\"async\" src=\"\/IMG\/jpg\/chrysanthemes.jpg\"  width=150><\/div>\n<p><\/font><\/td>\n<\/tr>\n<tr>\n<td><font color=\"00CC00\">Jeudi 30 octobre<\/font><\/td>\n<td><font color=\"00CC00\"><img decoding=\"async\" src=\"\/IMG\/lieux\/sanjuan02.jpg\"  width=150><\/div>\n<p><\/font><\/td>\n<td><font color=\"00CC00\">18 h &#8211; A  Cr\u00e9cy , messe anniversaire pour Alain PAULIN. Nous prierons \u00e9galement pour Claudie SIMON.<br \/>\n<\/font><\/td>\n<\/tr>\n<tr>\n<td><font color=\"B4B000\">Vendredi 31 octobre<\/font><\/td>\n<td><font color=\"B4B000\">9 h &#8211; Messe \u00e0 Cr\u00e9cy pour Jean PANHARD et Ir\u00e8ne LE DROGUENNE.<br \/>\n<\/font><\/td>\n<td><font color=\"B4B000\"><\/p>\n<div align=\"center\"><img decoding=\"async\" src=\"\/IMG\/lieux\/croix1.jpg\"  width=150><\/div>\n<p><\/font><\/td>\n<\/tr>\n<td><font color=\"0022CC\">Samedi 1er novembre<br \/><i><br \/>\nToussaint<\/i><\/font><\/td>\n<td><font color=\"0022CC\"><\/p>\n<div align=\"center\"><img decoding=\"async\" src=\"\/IMG\/lieux\/croix2.jpg\"  width=150><\/div>\n<p><\/font><\/td>\n<td><font color=\"0022CC\">10 h 30 &#8211; Messe  Cr\u00e9cy pour tous les d\u00e9funts de l&rsquo;ann\u00e9e<br \/>\n18h 30 &#8211;  Messe dominicale anticip\u00e9e \u00e0 Villiers. pour Andr\u00e9 et Yvette CORJON . Elle sera \u00e9galement c\u00e9l\u00e9br\u00e9e pour Henri CORPECHOT.<br \/>\n<\/font><\/td>\n<\/tr>\n<tr>\n<td><font color=\"00CC00\">Dimanche 2 novembre<\/font><\/td>\n<td><font color=\"00CC00\">10 h 30 &#8211; A Cr\u00e9cy, Messe anniversaire pour William DESJARDINS. Elle sera \u00e9galement c\u00e9l\u00e9br\u00e9e pour les d\u00e9funts de la famille DEBIEF.<br \/>\n<\/font><\/td>\n<td><font color=\"00CC00\"><\/p>\n<div align=\"center\"><img decoding=\"async\" src=\"\/IMG\/lieux\/stgeorges15.jpg\"  width=150><\/div>\n<p><\/font><\/td>\n<\/tr>\n<\/tbody>\n<\/table>\n","protected":false},"excerpt":{"rendered":"<p>Voici les annonces de la p\u00e9riode du lundi 27 octobre au dimanche 2 novembre 2014 pour la paroisse des 3 clochers Cr\u00e9cy-la-Chapelle, Villiers-sur-Morin, Voulangis. Samedi 1er \u00e0\u00a0 18 h 30, messe \u00e0\u00a0 Voulangis Dimanche&#46;&#46;&#46;<\/p>\n","protected":false},"author":2,"featured_media":0,"comment_status":"open","ping_status":"open","sticky":false,"template":"","format":"standard","meta":{"footnotes":""},"categories":[],"tags":[],"class_list":["post-783","post","type-post","status-publish","format-standard","hentry"],"_links":{"self":[{"href":"http:\/\/www.chapelle-crecy.com\/index.php?rest_route=\/wp\/v2\/posts\/783","targetHints":{"allow":["GET"]}}],"collection":[{"href":"http:\/\/www.chapelle-crecy.com\/index.php?rest_route=\/wp\/v2\/posts"}],"about":[{"href":"http:\/\/www.chapelle-crecy.com\/index.php?rest_route=\/wp\/v2\/types\/post"}],"author":[{"embeddable":true,"href":"http:\/\/www.chapelle-crecy.com\/index.php?rest_route=\/wp\/v2\/users\/2"}],"replies":[{"embeddable":true,"href":"http:\/\/www.chapelle-crecy.com\/index.php?rest_route=%2Fwp%2Fv2%2Fcomments&post=783"}],"version-history":[{"count":0,"href":"http:\/\/www.chapelle-crecy.com\/index.php?rest_route=\/wp\/v2\/posts\/783\/revisions"}],"wp:attachment":[{"href":"http:\/\/www.chapelle-crecy.com\/index.php?rest_route=%2Fwp%2Fv2%2Fmedia&parent=783"}],"wp:term":[{"taxonomy":"category","embeddable":true,"href":"http:\/\/www.chapelle-crecy.com\/index.php?rest_route=%2Fwp%2Fv2%2Fcategories&post=783"},{"taxonomy":"post_tag","embeddable":true,"href":"http:\/\/www.chapelle-crecy.com\/index.php?rest_route=%2Fwp%2Fv2%2Ftags&post=783"}],"curies":[{"name":"wp","href":"https:\/\/api.w.org\/{rel}","templated":true}]}}