{"id":785,"date":"2014-11-01T14:32:00","date_gmt":"2014-11-01T14:32:00","guid":{"rendered":""},"modified":"-0001-11-30T00:00:00","modified_gmt":"-0001-11-29T22:00:00","slug":"","status":"publish","type":"post","link":"http:\/\/www.chapelle-crecy.com\/?p=785","title":{"rendered":"Heureux \u00eates-vous !"},"content":{"rendered":"<div align=\"justify\">D\u00e8s le premier jour du mois de novembre, alors que la saison qui s&rsquo;avance n&rsquo;incite pas forc\u00e9ment aux grandes joies printani\u00e8res, le cri d&rsquo;exultation de J\u00e9sus retentit au coeur de nos assembl\u00e9es de Toussaint : \u00ab Heureux ! \u00bb Oui, fr\u00e8res et soeurs, la f\u00eate de tous les saints est la f\u00eate de \u00ab l&rsquo;ensoleillement divin \u00bb de l&rsquo;Eglise. Et cela nous fait p\u00e9n\u00e9trer un peu plus dans \u00ab\u00a0l&rsquo;ensoleillement divin\u00a0\u00bb de ceux que nous portons en nos coeurs et notre pri\u00e8re.<br \/>\nSavez-vous que dans la langue de J\u00e9sus, le m\u00eame mot signifie \u00eatre heureux et \u00eatre en marche ? Marcher c&rsquo;est quelquefois un peu p\u00e9nible, mais que de joies dans ce que l&rsquo;on<br \/>\nd\u00e9couvre et dans le but lui-m\u00eame !<br \/>\nIl y a un an, notre \u00e9v\u00eaque a lanc\u00e9 une \u00ab d\u00e9marche synodale \u00bb, ce qui veut dire, une marche commune, une marche o\u00f9 l&rsquo;Esprit-Saint est le moteur. C&rsquo;est Mission en Actes. Savez-vous<br \/>\nqu&rsquo;il n&rsquo;est pas trop tard pour prendre part \u00e0\u00a0 cette \u00ab\u00a0marche ensemble\u00a0\u00bb o\u00f9 la parole de Dieu nous r\u00e9v\u00e8le et nous r\u00e9veille ?<br \/>\nVous le verrez dans la suite de cet article:<br \/>\nsamedi 22 novembre, de 14h30 \u00e0\u00a0 19h30 un rassemblement est organis\u00e9 avec c\u00e9l\u00e9bration de la messe, au lyc\u00e9e Bossuet (12 rue de la Visitation \u00e0\u00a0 Meaux). Il se nomme:<\/p>\n<div align=\"center\"><img decoding=\"async\" src=\"\/IMG\/jpg\/heureux1.jpg\" width=250><\/div>\n<p>Nous y go\u00fbterons ensemble la joie des b\u00e9atitudes. Alors, venez et go\u00fbtez !<br \/>\np. Thierry LEROY<\/p><\/div>\n<div align=\"justify\">\n<div align=\"center\"><img decoding=\"async\" src=\"\/IMG\/jpg\/heureux.jpg\" width=400><\/div>\n<div align=\"center\"><img decoding=\"async\" src=\"\/IMG\/jpg\/heureux2.jpg\" width=400><\/div>\n<p> N&rsquo;h\u00e9sitez pas \u00e0 diffuser largement cet information autour de vous et m\u00eame \u00e0 imprimer massivement les flyers ci-joints.<\/p>\n<p> En cette f\u00eate de la Toussaint, nous vous proposons ici l&rsquo;hom\u00e9lie du fr\u00e8re Emmanuel Doll\u00e9, dominicain au couvent de Lille:<br \/>\n F\u00eate de TOUS les saints,<br \/>\n TOUS, un peu comme si on avait peur d&rsquo;en oublier, ces saints que l&rsquo;Eglise n&rsquo;a pas inscrits dans son calendrier.<br \/>\n Le passage de l&rsquo;Apocalypse de Jean en donne une id\u00e9e.<\/p>\n<p> A tout seigneur, tout honneur, d&rsquo;abord ceux qui sont marqu\u00e9s du sceau.<br \/>\n L&rsquo;Eglise d\u00e9ploie des tr\u00e9sors de subtilit\u00e9 pour les faire entrer dans sa classification officielle : ap\u00f4tres, martyrs, pasteurs, docteurs de l&rsquo;Eglise, vierges\u00e2\u20ac\u00a6 Chacun a droit \u00e0 des couleurs liturgiques des hymnes et des pri\u00e8res particuli\u00e8res selon sa cat\u00e9gorie ; certains cumulent : chez les femmes, vierge ET martyr \u00e9tait assez bien port\u00e9.<br \/>\n _<br \/>\n Puis poursuit Jean, il y a une foule immense que nul ne pouvait d\u00e9nombrer.<br \/>\n Tous les \u00ab ni-ni \u00bb, ni vierge ni martyr, ni pasteur ni docteur de l&rsquo;Eglise,<br \/>\n Des tordus, des boiteux, des aveugles, des mal foutus, des bell\u00e2tres et aussi des \u00abtop models\u00bb,<br \/>\n Des petites vertus, des Marie-Madeleine, des saintes-nitouches et des vieilles filles coinc\u00e9es,<br \/>\n D&rsquo;honn\u00eates gens, des brigands et des larrons (pas forc\u00e9ment de bons),<br \/>\n Des bons p\u00e8res de famille et des infid\u00e8les,<br \/>\n Des croyants, des m\u00e9cr\u00e9ants, des mal croyants, des chercheurs de Dieu sans trouver, d&rsquo;autres \u00e0 la foi du charbonnier et des intelligences th\u00e9ologiques hors du commun,<br \/>\n Des pr\u00eatres int\u00e9gristes, des cur\u00e9s de gauche, des pr\u00eatres ouvriers et des enfants de choeur en dentelle,<br \/>\n Des dominicains, jeunes, pleins d&rsquo;id\u00e9al, pr\u00eats \u00e0 \u00e9vang\u00e9liser le monde et \u00e0 r\u00e9former l&rsquo;ordre, d&rsquo;autres d&rsquo;\u00e2ge m\u00fbr faisant ce qu&rsquo;ils peuvent et quelques uns beaucoup plus vieux, exp\u00e9riment\u00e9s et sans d\u00e9sillusion, prient silencieusement, trainant la fatigue d&rsquo;un corps us\u00e9 d&rsquo;ann\u00e9es et la sagesse d&rsquo;apostolats sur les chemins du monde,<br \/>\n Des bons nationaux depuis des g\u00e9n\u00e9rations et des clandestins sans papiers,<br \/>\n Des h\u00e9t\u00e9ros, des homos, des amoureux \u00e9ternels et des solitaires toujours abandonn\u00e9s,<br \/>\n Des polyglottes, des pr\u00e9dicateurs \u00e0 la bouche d&rsquo;or, des paroles libres, des b\u00e8gues, des muets, des langues de bois et aussi des bouches b\u00e9es,<br \/>\n Des besogneux et des ouvriers de la onzi\u00e8me heure,<br \/>\n Des mains propres et blanches, d&rsquo;autres qui lavent l&rsquo;argent sale et d&rsquo;autres encore trop de fois rinc\u00e9es \u00e0 l&rsquo;eau des Ponce Pilate.<br \/>\n Des Marthe et des Marie.<\/p>\n<p> Il y a le long cort\u00e8ge des \u00ab pas trop fr\u00e9quentables \u00bb auxquels s&rsquo;adressent les B\u00e9atitudes,<br \/>\n Il y a des enfants moribonds des zones sah\u00e9liennes au corps tellement affam\u00e9, au visage tellement dess\u00e9ch\u00e9 qu&rsquo;ils n&rsquo;ont ni larmes ni sourire,<br \/>\n Il y a ceux dont les cr\u00e9matoires n&rsquo;ont laiss\u00e9 que des cendres anonymes, des d\u00e9port\u00e9s du goulag, des travailleurs du World Trade Center, des martyrs des khmers rouges,<br \/>\n Ily a des \u00e9migr\u00e9s africains noy\u00e9s en M\u00e9diterran\u00e9e, victimes des vagues et de l&rsquo;\u00e2pret\u00e9 des passeurs, des grimpeurs de mur ou franchisseurs de barbel\u00e9s \u00e0 la fronti\u00e8re mexicaine ou autour de l&rsquo;enclave espagnole au Maroc, des juifs et des palestiniens vivant sur le m\u00eame territoire, des kurdes et des chr\u00e9tiens fuyant devant l&rsquo;\u00e9tat islamique, des adolescentes kidnapp\u00e9es au Nig\u00e9ria, des enfants soldats au Mali,<br \/>\n Ily a tous ces mineurs englu\u00e9s dans des r\u00e9seaux p\u00e9dophiles,<br \/>\n Ily a des malades HIV, des victimes d&rsquo;Ebola, des toxico, des alcoolos et des d\u00e9prim\u00e9s,<br \/>\n Ily a ceux qui gu\u00e9rissent et ceux en soins palliatifs,<br \/>\n Ily a des malades d&rsquo;Alzheimer qui ne souviennent m\u00eame plus de Dieu <\/p>\n<p> La foule est immense et c&rsquo;est la foule de tous les saints,<br \/>\n Ceux que l&rsquo;Eglise n&rsquo;a pas sanctifi\u00e9s, n&rsquo;a pas reconnus ou a ignor\u00e9s quand elle ne les a pas, sans s&rsquo;en rendre compte, envoy\u00e9s dans la cat\u00e9gorie de martyrs. Je pense \u00e0 Galil\u00e9e qui avait le tort d&rsquo;avoir trop t\u00f4t raison et dont l&rsquo;intelligence d\u00e9termin\u00e9e a donn\u00e9 de nouvelles dimensions \u00e0 la connaissance de la Cr\u00e9ation. Je pense aux Chenu, aux Congar et bien d&rsquo;autres ayant la qualit\u00e9 d&rsquo;un coeur ouvert, libre et sans oeill\u00e8res et que certains voudraient faire taire.<br \/>\n Ceux qui sont marqu\u00e9s par le sceau du bapt\u00eame et d&rsquo;autres en dehors de l&rsquo;Eglise point de salut,<br \/>\n Des bons et beaucoup de gens comme vous, et j&rsquo;esp\u00e8re comme moi, pas franchement mauvais mais encore bien loin d&rsquo;\u00eatre bons.<\/p>\n<p> Peut-\u00eatre vous sentez vous proches de l&rsquo;un ou l&rsquo;autre des Saints \u00ab officiels \u00bb reconnus comme tels par l&rsquo;Eglise, statufi\u00e9s par la pi\u00e9t\u00e9 sulpicienne ; mais ceux-l\u00e0 sont morts.<br \/>\n Peut-\u00eatre dans la disparit\u00e9 fantaisiste de mon \u00e9num\u00e9ration, avez-vous trouv\u00e9 une petite place.  Dans cette foule immense il y a encore beaucoup d&rsquo;innomm\u00e9s, beaucoup de noms tus, des gens de toute couleur, race, peuple et nation, comme dit l&rsquo;Apocalypse. Et ceux-l\u00e0 sont vivants, ils ont vocation \u00e0 \u00eatre saints, ils sont, avec vous, appel\u00e9s \u00e0 la saintet\u00e9.<br \/>\n Christian Bobin, dans  L&rsquo;\u00e9loignement du monde, \u00e9crit \u00ab La saintet\u00e9 a si peu \u00e0 voir avec la perfection qu&rsquo;elle en est le contraire absolu. La perfection est la petite soeur g\u00e2t\u00e9e de la mort. La saintet\u00e9 a le go\u00fbt puissant de cette vie comme elle va &#8211; une capacit\u00e9 enfantine \u00e0 se r\u00e9jouir de ce qui est, sans rien demander d&rsquo;autre. \u00bb<br \/>\n \u00abTh\u00e9r\u00e8se d&rsquo;Avila lorsqu&rsquo;elle faisait \u00e0 manger \u00e0 ses soeurs veillait \u00e0 la bonne cuisson d&rsquo;un plat et concevait dans le m\u00eame temps des pens\u00e9es \u00e9blouissantes de Dieu. Elle exer\u00e7ait alors cet art de vivre qui est le plus grand art : jouir de l&rsquo;\u00e9ternel en prenant soin de l&rsquo;\u00e9ph\u00e9m\u00e8re.\u00bb<\/p>\n<p> La saintet\u00e9 ce n&rsquo;est pas nous qui l&rsquo;avons, ce n&rsquo;est pas nous qui la m\u00e9ritons, c&rsquo;est Dieu qui l&rsquo;offre avec une mis\u00e9ricorde sans mesure. Le Christ nous y m\u00e8ne par sa croix et sa r\u00e9surrection. Par son humanit\u00e9 assum\u00e9e jusque dans la mort, il nous prend avec lui ; par sa sortie glorieuse du tombeau, il nous ouvre les portes de la Vie.<br \/>\n La saintet\u00e9 est cet acc\u00e8s \u00e0 la Vie, m\u00eame quand nos vies traversent la souffrance et la mort, m\u00eame si la vie est marqu\u00e9e par les \u00e9preuves d\u00e9crites dans le discours sur la montagne appel\u00e9 aussi \u00ab B\u00e9atitudes \u00bb. Le but n&rsquo;est pas de devenir pauvre, d&rsquo;\u00eatre une victime affam\u00e9e de justice, de pleurer des larmes inconsolables. Le but n&rsquo;est pas le malheur, le but est d&rsquo;\u00eatre appel\u00e9 \u00ab Bienheureux \u00bb. Et le Christ tient \u00e0 montrer l\u00e0 sa tendresse infinie pour ceux que nous rejetons ou excluons et il invite \u00e0 changer de comportement et de regard sur autrui et sur nous-m\u00eames.<br \/>\n Le but est de se laisser laver par le sang de l&rsquo;Agneau.<br \/>\n Le butest de se r\u00e9jouir et d&rsquo;\u00eatre dans l&rsquo;all\u00e9gresse, car la r\u00e9compense offerte est grande dans les cieux.<\/p>\n<p> Heureux les p\u00e9cheurs qui se laissent purifier par le Christ.<br \/>\n Quelle que soit leur cat\u00e9gorie, quels que soient leur classification et leur qualificatif, heureux les vivants de ce monde, ils peuvent obtenir la Vie avec le Christ.<br \/>\n Heureux sont-ils d&rsquo;\u00eatre invit\u00e9s \u00e0 la saintet\u00e9 qui est le bonheur de contempler Dieu.<\/p>\n<p> Que la gr\u00e2ce de la Toussaint et l&rsquo;intercession de tous les saints nous mettent sur les chemins de la saintet\u00e9.<br \/>\n Que la f\u00eate de la Toussaint soit un peu la f\u00eate de chacun de nous.<\/p>\n<p> Emmanuel Doll\u00e9 o.p.    Lille  Toussaint 2014<\/p>\n<p> Pri\u00e8re universelle<\/p>\n<p>&#8211; \u00ab Heureux les pauvres de coeur, le Royaume de Dieu est \u00e0 eux \u00bb<br \/>\n Prions pour tous ceux qui souffrent de pauvret\u00e9, mat\u00e9rielle, affective ou physique. Qu&rsquo;au milieu des souffrances il y ait encore une place pour d\u00e9couvrir que le Seigneur les aime et les appelle : Bienheureux.<br \/>\n Prions aussi pour tous ceux dont la richesse ferme le coeur. Que l&rsquo;intercession de tous les Saints les aide \u00e0 d\u00e9couvrir le Christ dans le service de leurs fr\u00e8res.<\/p>\n<p>&#8211; \u00ab Heureux ceux qui ont faim et soif de la justice, ils seront rassasi\u00e9s. Heureux les artisans de paix, ils seront appel\u00e9s fils de Dieu \u00bb<br \/>\n Prions pour tous ceux qui sont \u00e9cras\u00e9s par l&rsquo;injustice, \u00e9conomique ou politique, pour tous ceux qui n&rsquo;ont plus de voix et ceux dont le cri n&rsquo;est jamais entendu. Prions pour ceux et celles qui ont l&rsquo;audace de d\u00e9noncer l&rsquo;injustice et militent pour une plus authentique justice.<br \/>\n Prions aussi pour ceux qui ont le pouvoir de changer la soci\u00e9t\u00e9 et pour tous ceux qui consid\u00e8rent comme un fait acquis les disparit\u00e9s qui fracturent notre monde. Que la lutte contre la faim et l&rsquo;injustice ne soit endormie ni dans leurs discours ni dans leurs actes.<\/p>\n<p>&#8211; \u00ab Heureux ceux qu&rsquo;on insulte \u00e0 cause du Christ, la r\u00e9compense est grande dans les cieux \u00bb<br \/>\n Prions pour tous ceux qui doivent cacher leur foi, ceux qu&rsquo;on pers\u00e9cute ou assassine \u00e0 cause de leurs convictions religieuses.<br \/>\nPrions pour ceux qui sont emp\u00each\u00e9s d&rsquo;avoir une parole libre sur leur qu\u00eate de Dieu.<br \/>\n Prions aussi pour tous ceux qui sont enferm\u00e9s dans le dogme, dans le militantisme born\u00e9, et dans la certitude qu&rsquo;eux seuls sont d\u00e9positaires de la v\u00e9rit\u00e9 sur Dieu. Que notre pri\u00e8re de ce jour les aide \u00e0 d\u00e9couvrir le respect de l&rsquo;autre et les ouvre \u00e0 tol\u00e9rer des appels diff\u00e9rents du Christ.<\/p>\n<\/div>\n","protected":false},"excerpt":{"rendered":"<p>D\u00e8s le premier jour du mois de novembre, alors que la saison qui s&rsquo;avance n&rsquo;incite pas forc\u00e9ment aux grandes joies printani\u00e8res, le cri d&rsquo;exultation de J\u00e9sus retentit au coeur de nos assembl\u00e9es de Toussaint&#46;&#46;&#46;<\/p>\n","protected":false},"author":2,"featured_media":0,"comment_status":"open","ping_status":"open","sticky":false,"template":"","format":"standard","meta":{"footnotes":""},"categories":[],"tags":[],"class_list":["post-785","post","type-post","status-publish","format-standard","hentry"],"_links":{"self":[{"href":"http:\/\/www.chapelle-crecy.com\/index.php?rest_route=\/wp\/v2\/posts\/785","targetHints":{"allow":["GET"]}}],"collection":[{"href":"http:\/\/www.chapelle-crecy.com\/index.php?rest_route=\/wp\/v2\/posts"}],"about":[{"href":"http:\/\/www.chapelle-crecy.com\/index.php?rest_route=\/wp\/v2\/types\/post"}],"author":[{"embeddable":true,"href":"http:\/\/www.chapelle-crecy.com\/index.php?rest_route=\/wp\/v2\/users\/2"}],"replies":[{"embeddable":true,"href":"http:\/\/www.chapelle-crecy.com\/index.php?rest_route=%2Fwp%2Fv2%2Fcomments&post=785"}],"version-history":[{"count":0,"href":"http:\/\/www.chapelle-crecy.com\/index.php?rest_route=\/wp\/v2\/posts\/785\/revisions"}],"wp:attachment":[{"href":"http:\/\/www.chapelle-crecy.com\/index.php?rest_route=%2Fwp%2Fv2%2Fmedia&parent=785"}],"wp:term":[{"taxonomy":"category","embeddable":true,"href":"http:\/\/www.chapelle-crecy.com\/index.php?rest_route=%2Fwp%2Fv2%2Fcategories&post=785"},{"taxonomy":"post_tag","embeddable":true,"href":"http:\/\/www.chapelle-crecy.com\/index.php?rest_route=%2Fwp%2Fv2%2Ftags&post=785"}],"curies":[{"name":"wp","href":"https:\/\/api.w.org\/{rel}","templated":true}]}}