{"id":786,"date":"2014-11-04T13:04:45","date_gmt":"2014-11-04T13:04:45","guid":{"rendered":""},"modified":"-0001-11-30T00:00:00","modified_gmt":"-0001-11-29T22:00:00","slug":"","status":"publish","type":"post","link":"http:\/\/www.chapelle-crecy.com\/?p=786","title":{"rendered":"Samedi 13 d\u00e9cembre 2014: \u00ab\u00a0Moteur on tourne\u00a0\u00bb"},"content":{"rendered":"<div align=\"justify\">L&rsquo;Office Chr\u00e9tien des Personnes Handicap\u00e9es, plus connu sous le vocable de [OCH->www.och.fr] organise pour les personnes porteur d&rsquo;un handicap depuis la naissance ou \u00e0\u00a0 la suite d&rsquo;un accident ou d&rsquo;une maladie, une journ\u00e9e de partage, le samedi 13 d\u00e9cembre de 9h30 \u00e0\u00a0 19h \u00e0\u00a0 La Bouill\u00e8re (M\u00b0 Duroc) \u00e0\u00a0 Paris. Toutes les informations sont sur le site [www.och.fr->www.och.fr]. Un autre tr\u00e8s beau site que nous vous conseillons de d\u00e9couvrir concernant les questions du handicap s&rsquo;appelle [http:\/\/www.ombresetlumiere.fr\/->http:\/\/www.ombresetlumiere.fr].<br \/>\nContacts: Marie-Astrid Chouteau au 07 77 68 08 16\n<\/div>\n<div align=\"justify\">\n<div align=\"center\"><img decoding=\"async\" src=\"\/IMG\/jpg\/Handicap1.jpg\" width=400><\/div>\n<div align=\"center\"><img decoding=\"async\" src=\"\/IMG\/jpg\/Handicap2.jpg\" width=400><\/div>\n<div align=\"center\"><img decoding=\"async\" src=\"\/IMG\/jpg\/Handicap3.jpg\" width=400><\/div>\n<\/div>\n","protected":false},"excerpt":{"rendered":"<p>L&rsquo;Office Chr\u00e9tien des Personnes Handicap\u00e9es, plus connu sous le vocable de [OCH->www.och.fr] organise pour les personnes porteur d&rsquo;un handicap depuis la naissance ou \u00e0\u00a0 la suite d&rsquo;un accident ou d&rsquo;une maladie, une journ\u00e9e de&#46;&#46;&#46;<\/p>\n","protected":false},"author":2,"featured_media":0,"comment_status":"open","ping_status":"open","sticky":false,"template":"","format":"standard","meta":{"footnotes":""},"categories":[],"tags":[],"class_list":["post-786","post","type-post","status-publish","format-standard","hentry"],"_links":{"self":[{"href":"http:\/\/www.chapelle-crecy.com\/index.php?rest_route=\/wp\/v2\/posts\/786","targetHints":{"allow":["GET"]}}],"collection":[{"href":"http:\/\/www.chapelle-crecy.com\/index.php?rest_route=\/wp\/v2\/posts"}],"about":[{"href":"http:\/\/www.chapelle-crecy.com\/index.php?rest_route=\/wp\/v2\/types\/post"}],"author":[{"embeddable":true,"href":"http:\/\/www.chapelle-crecy.com\/index.php?rest_route=\/wp\/v2\/users\/2"}],"replies":[{"embeddable":true,"href":"http:\/\/www.chapelle-crecy.com\/index.php?rest_route=%2Fwp%2Fv2%2Fcomments&post=786"}],"version-history":[{"count":0,"href":"http:\/\/www.chapelle-crecy.com\/index.php?rest_route=\/wp\/v2\/posts\/786\/revisions"}],"wp:attachment":[{"href":"http:\/\/www.chapelle-crecy.com\/index.php?rest_route=%2Fwp%2Fv2%2Fmedia&parent=786"}],"wp:term":[{"taxonomy":"category","embeddable":true,"href":"http:\/\/www.chapelle-crecy.com\/index.php?rest_route=%2Fwp%2Fv2%2Fcategories&post=786"},{"taxonomy":"post_tag","embeddable":true,"href":"http:\/\/www.chapelle-crecy.com\/index.php?rest_route=%2Fwp%2Fv2%2Ftags&post=786"}],"curies":[{"name":"wp","href":"https:\/\/api.w.org\/{rel}","templated":true}]}}