{"id":787,"date":"2014-11-03T14:35:00","date_gmt":"2014-11-03T14:35:00","guid":{"rendered":""},"modified":"-0001-11-30T00:00:00","modified_gmt":"-0001-11-29T22:00:00","slug":"","status":"publish","type":"post","link":"http:\/\/www.chapelle-crecy.com\/?p=787","title":{"rendered":"le P\u00e8re Beltramelli nous parle du prix Nobel de litt\u00e9rature 2014"},"content":{"rendered":"<div align=\"justify\">Qui est [Modiano->http:\/\/www.lemonde.fr\/culture\/article\/2014\/10\/31\/modiano-ni-lu-ni-connu_4516056_3246.html]? Quelle est son oeuvre? <\/p>\n<div align=\"center\"><img decoding=\"async\" src=\"\/IMG\/jpg\/Paris-Modiano.jpg\" width=250><\/div>\n<p>C&rsquo;est la question \u00e0\u00a0 laquelle se propose de r\u00e9pondre l&rsquo;association \u00ab Trait d&rsquo;Union de la Brie \u00bb en pr\u00e9sentant une introduction \u00e0\u00a0 l&rsquo;oeuvre de Patrick Modiano, prix Nobel de litt\u00e9rature 2014.<\/p><\/div>\n<div align=\"justify\">\n La pr\u00e9sentation sera assur\u00e9e par Bruno Beltramelli: <\/p>\n<p>&#8211; Mardi 18 novembre 2014, 17 h 00  19 h 00 \u00e0 la Biblioth\u00e8que  dioc\u00e9saine Guillaume Bri\u00e7onnet, 20 rue de Chaage \u00e0 Meaux.<\/p>\n<p>&#8211; Mardi 25 novembre 2014, 17 h 00  19 h 00 \u00e0 la M\u00e9diath\u00e8que<br \/>\nCharles P\u00e9guy, 1 place de l&rsquo;Eglise \u00e0 Esbly.<\/p>\n<p>&#8211; Samedi 13 d\u00e9cembre 2014, 15 h 00  17 h 00 \u00e0 la M\u00e9diath\u00e8que<br \/>\nCharles P\u00e9guy, 1 place de l&rsquo;Eglise \u00e0 Esbly.<\/p>\n<p> Entr\u00e9e libre. Il est toutefois conseill\u00e9 de s&rsquo;inscrire auparavant aux coordonn\u00e9es suivantes :<\/p>\n<p> Esbly : 06 46 79 51 05 ou bbeltramelli@wanadoo.fr<\/p>\n<p> Biblioth\u00e8que dioc\u00e9saine de Meaux : 01 60 23 24 46 ou bdgb@wanadoo.fr<\/p><\/div>\n","protected":false},"excerpt":{"rendered":"<p>Qui est [Modiano->http:\/\/www.lemonde.fr\/culture\/article\/2014\/10\/31\/modiano-ni-lu-ni-connu_4516056_3246.html]? Quelle est son oeuvre? C&rsquo;est la question \u00e0\u00a0 laquelle se propose de r\u00e9pondre l&rsquo;association \u00ab Trait d&rsquo;Union de la Brie \u00bb en pr\u00e9sentant une introduction \u00e0\u00a0 l&rsquo;oeuvre de Patrick Modiano, prix&#46;&#46;&#46;<\/p>\n","protected":false},"author":2,"featured_media":0,"comment_status":"open","ping_status":"open","sticky":false,"template":"","format":"standard","meta":{"footnotes":""},"categories":[],"tags":[],"class_list":["post-787","post","type-post","status-publish","format-standard","hentry"],"_links":{"self":[{"href":"http:\/\/www.chapelle-crecy.com\/index.php?rest_route=\/wp\/v2\/posts\/787","targetHints":{"allow":["GET"]}}],"collection":[{"href":"http:\/\/www.chapelle-crecy.com\/index.php?rest_route=\/wp\/v2\/posts"}],"about":[{"href":"http:\/\/www.chapelle-crecy.com\/index.php?rest_route=\/wp\/v2\/types\/post"}],"author":[{"embeddable":true,"href":"http:\/\/www.chapelle-crecy.com\/index.php?rest_route=\/wp\/v2\/users\/2"}],"replies":[{"embeddable":true,"href":"http:\/\/www.chapelle-crecy.com\/index.php?rest_route=%2Fwp%2Fv2%2Fcomments&post=787"}],"version-history":[{"count":0,"href":"http:\/\/www.chapelle-crecy.com\/index.php?rest_route=\/wp\/v2\/posts\/787\/revisions"}],"wp:attachment":[{"href":"http:\/\/www.chapelle-crecy.com\/index.php?rest_route=%2Fwp%2Fv2%2Fmedia&parent=787"}],"wp:term":[{"taxonomy":"category","embeddable":true,"href":"http:\/\/www.chapelle-crecy.com\/index.php?rest_route=%2Fwp%2Fv2%2Fcategories&post=787"},{"taxonomy":"post_tag","embeddable":true,"href":"http:\/\/www.chapelle-crecy.com\/index.php?rest_route=%2Fwp%2Fv2%2Ftags&post=787"}],"curies":[{"name":"wp","href":"https:\/\/api.w.org\/{rel}","templated":true}]}}