{"id":788,"date":"2014-11-02T16:52:00","date_gmt":"2014-11-02T16:52:00","guid":{"rendered":""},"modified":"-0001-11-30T00:00:00","modified_gmt":"-0001-11-29T22:00:00","slug":"","status":"publish","type":"post","link":"http:\/\/www.chapelle-crecy.com\/?p=788","title":{"rendered":"35 millions de fran\u00e7ais se rendront aujourd&rsquo;hui au cimeti\u00e8re pour se souvenir &#8230;"},"content":{"rendered":"<div align=\"justify\">\nCela me fait du bien de me recueillir<\/p>\n<p>A la Toussaint, les familles continuent de se rendre r\u00e9guli\u00e8rement au cimeti\u00e8re. Un rite du souvenir b\u00e9n\u00e9fique pour les familles et pour chacun d&rsquo;entre nous. Chaque ann\u00e9e, le cimeti\u00e8re est r\u00e9guli\u00e8rement visit\u00e9 \u00e0\u00a0 la Toussaint. Nombreux sont ceux qui viennent entretenir, fleurir et se recueillir sur la tombe de leurs proches. Sur le calendrier, la journ\u00e9e des morts a \u00e9t\u00e9 instaur\u00e9e le 2 novembre &#8211; le jour qui suit la Toussaint, o\u00f9 l&rsquo;on c\u00e9l\u00e8bre les saints. Mais peu font la distinction. \u00ab Ce besoin rituel et familial d&rsquo;honorer les d\u00e9funts, de se rendre \u00ab\u00a0en p\u00e8lerinage\u00a0\u00bb reste toujours bien pr\u00e9sent, quelle que soit notre foi \u00bb constate Christian de Caqueray, directeur du [Service catholique des fun\u00e9railles->www.s-c-f.org]. Certes, le cimeti\u00e8re reste un lieu de douleur, celui du dernier adieu, mais c&rsquo;est aussi le lieu du souvenir o\u00f9 bien des chagrins pourront s&rsquo;apaiser: \u00ab cela me fait du bien de me recueillir sur la tombe de mon mari, je le sens plus proche \u00bb reconnait cette grand-m\u00e8re. \u00ab Il pleure son fr\u00e8re qui nous a quitt\u00e9s mais repart plus serein \u00bb confie cette maman \u00e0\u00a0 propos de son fils, Eric, 12 ans.<br \/>\nJean-Hugues D\u00e9chaux, sociologue, rappelle dans son livre, le souvenir des morts, que le rite comm\u00e9moratif peut faire office de th\u00e9rapie: \u00ab Le souvenir des morts console parce qu&rsquo;il permet de r\u00e9aliser que d&rsquo;autres avant soi ont connu le m\u00eame sort. Il permet d&rsquo;\u00e9prouver une appartenance \u00e0\u00a0 une humanit\u00e9 vivante. \u00bb\n<\/p><\/div>\n<div align=\"justify\">\n Se recueillir, se souvenir<br \/>\n Ainsi l&rsquo;exprime Charles, avec d&rsquo;autres mots, venu se recueillir avec Marie, sa femme, et leurs trois jeunes enfants sur le caveau familial: \u00ab C&rsquo;est toujours impressionnant, ca nous rappelle notre propre finitude. Nous sommes l\u00e0 pour un temps. On pense \u00e0 tous ceux qui nous ont pr\u00e9c\u00e9d\u00e9s, sans eux, nous ne serions pas l\u00e0, et nous d\u00e9sirons leur dire merci&#8230; \u00bb Lieu du souvenir et aussi de m\u00e9moire,  c&rsquo;est l&rsquo;occasion pour les enfants de mieux d\u00e9couvrir leurs anc\u00eatres et de les situer dans la lign\u00e9e familiale; \u00ab cette ann\u00e9e, ils sont plus grands, je leur ai dessin\u00e9 un petit arbre g\u00e9n\u00e9alogique \u00bb, pr\u00e9cise Marie. C&rsquo;est aussi l&rsquo;occasion de leur raconter l&rsquo;histoire des personnes d\u00e9funtes quand la douleur de la disparition est en partie apais\u00e9e. \u00ab Gabriele, 8 ans, \u00e9tait tr\u00e8s attach\u00e9e \u00e0 son grand-p\u00e8re \u00bb, remarque cette maman, et elle appr\u00e9cie que nous en parlions ensemble.<br \/>\n Pour Christian de Cacqueray, \u00ab les jeunes g\u00e9n\u00e9rations ont besoin de cette m\u00e9moire familiale  pour se construire, aller de l&rsquo;avant, savoir d&rsquo;o\u00f9 l&rsquo;on vient, qui sont nos a \u00een\u00e9s, aide \u00e0 mieux savoir qui l&rsquo;ont est et o\u00f9 on veut aller\u00bb affirme-t-il. Se rendre sur ces lieux de s\u00e9pulture permet le dialogue avec les enfants sur la mort et au-del\u00e0. Et pour les croyants, ils sont signe d&rsquo;esp\u00e9rance. \u00abNous avons perdu un fr\u00e8re que nos enfants connaissaient bien. Avec simplicit\u00e9, nous avons abord\u00e9 ensemble le th\u00e8me du corps et de la vie de l&rsquo;\u00e2me, en leur redisant notre foi en la vie \u00e9ternelle \u00bb, confie Claire, m\u00e8re de huit enfants. Mais que penser de la dispersion des cendres apr\u00e8s la cr\u00e9mation, qui prive parfois les descendants de tout support de m\u00e9moire ? \u00ab La r\u00e9alit\u00e9 peut \u00eatre v\u00e9cue douloureusement par les proches \u00bb remarque Marie-H\u00e9l\u00e8ne, en songeant \u00e0 sa petite-fille qui ne conserve de son arri\u00e8re-grand-p\u00e8re qu&rsquo;un petit sachet de lavande qu&rsquo;elle serre entre ses doigts.<\/p>\n<p> Nathalie Pollet<br \/>\n Article tir\u00e9 du journal paroissial de Ronchin (59)<\/p>\n<p> En compl\u00e9ment \u00e0 cet article du souvenir, voici ce que le Pape Fran\u00e7ois a dit aux fid\u00e8les r\u00e9unis pour l&rsquo;ang\u00e9lus, en ce 2 novembre, au sujet de la comm\u00e9moration des fid\u00e8les d\u00e9funts :<\/p>\n<p> \u00ab\u00a0J\u00e9sus nous a r\u00e9v\u00e9l\u00e9 que la mort du corps est comme un sommeil duquel il nous r\u00e9veille. C&rsquo;est avec cette foi que nous nous arr\u00eatons, spirituellement aussi, aupr\u00e8s des tombes des personnes qui nous sont ch\u00e8res&#8230; Mais aujourd&rsquo;hui, nous sommes appel\u00e9s \u00e0 nous nous souvenir de tous, m\u00eame de ceux \u00e0 qui personne ne pense. Souvenons-nous des victimes des guerres et des violences, de tant de petits dans le monde terrass\u00e9s par la faim et la mis\u00e8re, souvenons-nous des anonymes qui reposent dans les fosses communes. Souvenons-nous de nos fr\u00e8res et soeurs tu\u00e9s pour leur foi chr\u00e9tienne et de ceux qui ont sacrifi\u00e9 leur vie au service des autres\u00a0\u00bb.<\/p>\n<p> \u00ab\u00a0La tradition de l&rsquo;Eglise a toujours encourag\u00e9 \u00e0 prier pour les d\u00e9funts, en particulier, en offrant pour eux les c\u00e9l\u00e9brations eucharistiques. C&rsquo;est la meilleure aide spirituelle que nous puissions donner \u00e0 leurs \u00e2mes, en particulier les plus abandonn\u00e9es. Le fondement de la pri\u00e8re de suffrage se trouve dans la communion du Corps mystique&#8230; Le souvenir des d\u00e9funts, le soin des s\u00e9pulcres et les messes d&rsquo;intentions sont le t\u00e9moignage d&rsquo;une esp\u00e9rance confiante, enracin\u00e9e dans la certitude que la mort n&rsquo;est pas le dernier mot sur le destin humain, parce que l&rsquo;homme est destin\u00e9 \u00e0 une vie sans limites qui a sa double racine et son accomplissement en Dieu\u00a0\u00bb<\/p>\n<\/div>\n","protected":false},"excerpt":{"rendered":"<p>Cela me fait du bien de me recueillir A la Toussaint, les familles continuent de se rendre r\u00e9guli\u00e8rement au cimeti\u00e8re. Un rite du souvenir b\u00e9n\u00e9fique pour les familles et pour chacun d&rsquo;entre nous. Chaque&#46;&#46;&#46;<\/p>\n","protected":false},"author":2,"featured_media":0,"comment_status":"open","ping_status":"open","sticky":false,"template":"","format":"standard","meta":{"footnotes":""},"categories":[],"tags":[],"class_list":["post-788","post","type-post","status-publish","format-standard","hentry"],"_links":{"self":[{"href":"http:\/\/www.chapelle-crecy.com\/index.php?rest_route=\/wp\/v2\/posts\/788","targetHints":{"allow":["GET"]}}],"collection":[{"href":"http:\/\/www.chapelle-crecy.com\/index.php?rest_route=\/wp\/v2\/posts"}],"about":[{"href":"http:\/\/www.chapelle-crecy.com\/index.php?rest_route=\/wp\/v2\/types\/post"}],"author":[{"embeddable":true,"href":"http:\/\/www.chapelle-crecy.com\/index.php?rest_route=\/wp\/v2\/users\/2"}],"replies":[{"embeddable":true,"href":"http:\/\/www.chapelle-crecy.com\/index.php?rest_route=%2Fwp%2Fv2%2Fcomments&post=788"}],"version-history":[{"count":0,"href":"http:\/\/www.chapelle-crecy.com\/index.php?rest_route=\/wp\/v2\/posts\/788\/revisions"}],"wp:attachment":[{"href":"http:\/\/www.chapelle-crecy.com\/index.php?rest_route=%2Fwp%2Fv2%2Fmedia&parent=788"}],"wp:term":[{"taxonomy":"category","embeddable":true,"href":"http:\/\/www.chapelle-crecy.com\/index.php?rest_route=%2Fwp%2Fv2%2Fcategories&post=788"},{"taxonomy":"post_tag","embeddable":true,"href":"http:\/\/www.chapelle-crecy.com\/index.php?rest_route=%2Fwp%2Fv2%2Ftags&post=788"}],"curies":[{"name":"wp","href":"https:\/\/api.w.org\/{rel}","templated":true}]}}