{"id":789,"date":"2014-11-09T14:02:41","date_gmt":"2014-11-09T14:02:41","guid":{"rendered":""},"modified":"-0001-11-30T00:00:00","modified_gmt":"-0001-11-29T22:00:00","slug":"","status":"publish","type":"post","link":"http:\/\/www.chapelle-crecy.com\/?p=789","title":{"rendered":"Annonces de la semaine du 10 au 16 novembre 2014"},"content":{"rendered":"<table bgcolor =\"F0FAFF\" border=0>\n<tbody>\n<tr>\n<td>\n<div align=\"justify\">\n<div \"737\">Voici les annonces de la p\u00e9riode du lundi 10 au dimanche 16 novembre 2014 pour la paroisse des 3 clochers Cr\u00e9cy-la-Chapelle, Villiers-sur-Morin, Voulangis. <br \/>\nSamedi 15 \u00e0\u00a0 18 h 30, messe \u00e0\u00a0 Voulangis<br \/>\nDimanche 16 \u00e0\u00a0 10 h 30, messe \u00e0\u00a0 Cr\u00e9cy <br \/>\nRetrouvez tous les d\u00e9tails dans la suite &#8230;<\/div>\n<\/div>\n<\/td>\n<\/tr>\n<\/tbody>\n<\/table>\n<table bgcolor =\"F0F6FF\" border=0>\n<tbody>\n<tr>\n<td width=\"25%\"><font color=\"00CC00\">Lundi 10 novembre<\/font><\/td>\n<td><font color=\"00CC00\">17 h &#8211; C\u00e9l\u00e9bration \u00e0 la Maison de Retraite.<br \/>\n<\/font><\/td>\n<td><font color=\"00CC00\"><\/p>\n<div align=\"center\"><img decoding=\"async\" src=\"\/IMG\/jpg\/MR_Crecy.jpg\" width=150><\/div>\n<p><\/font><\/td>\n<\/tr>\n<tr>\n<td><font color=\"B4B000\">Mardi 11 novembre<br \/>\n<i>Comm\u00e9moration de l&rsquo;Armistice <\/i><\/font><\/td>\n<td><font color=\"B4B000\"><\/p>\n<div align=\"center\"><img decoding=\"async\" src=\"\/IMG\/jpg\/drapeau.jpg\"  width=150><\/div>\n<p><\/font><\/td>\n<td><font color=\"B4B000\">11 h &#8211; Messe \u00e0 Cr\u00e9cy pour les d\u00e9funts de toutes les guerres.<br \/>\n<\/font><\/td>\n<tr>\n<td><font color=\"0022CC\">Mercredi 12 novembre<\/font><\/td>\n<td><font color=\"0022CC\">9 h &#8211; Messe \u00e0 Cr\u00e9cy pour Maryse JOUAN et Pierre LOUIS.<br \/>\n<\/font><\/td>\n<td><font color=\"0022CC\"><\/p>\n<div align=\"center\"><img decoding=\"async\" src=\"\/IMG\/lieux\/voulangis_hotelmarie.jpg\"  width=150><\/div>\n<p><\/font><\/td>\n<\/tr>\n<tr>\n<td><font color=\"B4B000\">Vendredi 14 novembre<\/font><\/td>\n<td><font color=\"B4B000\"><\/p>\n<div align=\"center\"><img decoding=\"async\" src=\"\/IMG\/lieux\/voulangis_hoteljoseph.jpg\"  width=150><\/div>\n<p><\/font><\/td>\n<td><font color=\"B4B000\">9 h &#8211; Messe \u00e0 Cr\u00e9cy pour Ginette DUPONT et Ghislaine DEBRABANDER.<br \/>\n<\/font><\/td>\n<\/tr>\n<td><font color=\"0022CC\">Samedi 15 novembre<\/font><\/td>\n<p><\/font><\/td>\n<td><font color=\"0022CC\"><br \/>\n18h 30 &#8211; Messe \u00e0 Villiers pour Etienne BIGNEBAT et Jacques GOSSET.<br \/>\n<\/font><\/td>\n<td><font color=\"0022CC\"><\/p>\n<div align=\"center\"><img decoding=\"async\" src=\"\/IMG\/lieux\/villiers_eglise2.jpg\"  width=150><\/div>\n<\/tr>\n<tr>\n<td><font color=\"00CC00\">Dimanche 16 novembre<\/font><\/td>\n<td><font color=\"00CC00\"><\/p>\n<div align=\"center\"><img decoding=\"async\" src=\"\/IMG\/lieux\/stgeorges14.jpg\"  width=150><\/div>\n<p><\/font><\/td>\n<td><font color=\"00CC00\">10 h 30 &#8211; Messe \u00e0 Cr\u00e9cy pour Claude LAUX et Claudie SIMON.<br \/>\nCe dimanche 16 novembre est organis\u00e9e la QUETE  POUR LE SECOURS CATHOLIQUE. Merci \u00e0 l&rsquo;avance de lui faire bon accueil.<br \/>\n<\/font><\/td>\n<\/tr>\n<\/tbody>\n<\/table>\n","protected":false},"excerpt":{"rendered":"<p>Voici les annonces de la p\u00e9riode du lundi 10 au dimanche 16 novembre 2014 pour la paroisse des 3 clochers Cr\u00e9cy-la-Chapelle, Villiers-sur-Morin, Voulangis. Samedi 15 \u00e0\u00a0 18 h 30, messe \u00e0\u00a0 Voulangis Dimanche 16&#46;&#46;&#46;<\/p>\n","protected":false},"author":2,"featured_media":0,"comment_status":"open","ping_status":"open","sticky":false,"template":"","format":"standard","meta":{"footnotes":""},"categories":[],"tags":[],"class_list":["post-789","post","type-post","status-publish","format-standard","hentry"],"_links":{"self":[{"href":"http:\/\/www.chapelle-crecy.com\/index.php?rest_route=\/wp\/v2\/posts\/789","targetHints":{"allow":["GET"]}}],"collection":[{"href":"http:\/\/www.chapelle-crecy.com\/index.php?rest_route=\/wp\/v2\/posts"}],"about":[{"href":"http:\/\/www.chapelle-crecy.com\/index.php?rest_route=\/wp\/v2\/types\/post"}],"author":[{"embeddable":true,"href":"http:\/\/www.chapelle-crecy.com\/index.php?rest_route=\/wp\/v2\/users\/2"}],"replies":[{"embeddable":true,"href":"http:\/\/www.chapelle-crecy.com\/index.php?rest_route=%2Fwp%2Fv2%2Fcomments&post=789"}],"version-history":[{"count":0,"href":"http:\/\/www.chapelle-crecy.com\/index.php?rest_route=\/wp\/v2\/posts\/789\/revisions"}],"wp:attachment":[{"href":"http:\/\/www.chapelle-crecy.com\/index.php?rest_route=%2Fwp%2Fv2%2Fmedia&parent=789"}],"wp:term":[{"taxonomy":"category","embeddable":true,"href":"http:\/\/www.chapelle-crecy.com\/index.php?rest_route=%2Fwp%2Fv2%2Fcategories&post=789"},{"taxonomy":"post_tag","embeddable":true,"href":"http:\/\/www.chapelle-crecy.com\/index.php?rest_route=%2Fwp%2Fv2%2Ftags&post=789"}],"curies":[{"name":"wp","href":"https:\/\/api.w.org\/{rel}","templated":true}]}}