{"id":790,"date":"2014-11-11T18:01:04","date_gmt":"2014-11-11T18:01:04","guid":{"rendered":""},"modified":"-0001-11-30T00:00:00","modified_gmt":"-0001-11-29T22:00:00","slug":"","status":"publish","type":"post","link":"http:\/\/www.chapelle-crecy.com\/?p=790","title":{"rendered":"11 novembre 2014: prions pour la Paix !"},"content":{"rendered":"<div align=\"justify\">A la m\u00e9moire des soldats morts pour la France, il y a 100 ans, nous vous proposons la pri\u00e8re universelle qui a \u00e9t\u00e9 lue avec beaucoup d&rsquo;intensit\u00e9, ce matin, \u00e0\u00a0 la messe du souvenir \u00e0\u00a0 Cr\u00e9cy par Annie Jaskowiak.<br \/>\nCette pri\u00e8re sera suivie de l&rsquo;\u00e9mission t\u00e9l\u00e9vis\u00e9e de [KTO->http:\/\/www.ktotv.com\/] \u00ab\u00a0la vie dans nos dioc\u00e8ses\u00a0\u00bb dans laquelle Mgr Nahmias revient, en particulier, sur le p\u00e8lerinage de la Marne du 28 septembre dernier.<br \/>\nPri\u00e8re universelle<br \/>\nLa Grande Guerre 1914\/1918 dite 1\u00e8re guerre mondiale commen\u00e7a le 3 ao\u00fbt 1914 dans une ferveur extraordinaire. Il fallait sauver la Patrie  (quelques semaines apr\u00e8s, l&rsquo;arm\u00e9e allemande mena\u00e7ait Paris).<\/p>\n<p>En ce Centenaire, n&rsquo;oublions pas son lourd bilan 1.400.000 morts (des bless\u00e9s, des handicap\u00e9s, des gaz\u00e9s, des veuves et des orphelins, des villages d\u00e9truits) ni le courage h\u00e9ro\u00efque de ces milliers de soldats venus de partout (nos cimeti\u00e8res militaires et Dieu sait s&rsquo;ils sont nombreux sur notre territoire, en t\u00e9moignent.) Associons, \u00e0\u00a0 l&rsquo;hommage que nous leur rendons aujourd&rsquo;hui, tous ces civils ou militaires Morts pour la France dans les diff\u00e9rents et actuels conflits \u00e0\u00a0 l&rsquo;ext\u00e9rieur, et inclinons-nous devant la douleur de ces familles endeuill\u00e9es, d\u00e9truites pour des id\u00e9ologies meurtri\u00e8res voire sauvages.<\/p>\n<p>Par nos pri\u00e8res demandons au Seigneur de leur apporter la force de surmonter la s\u00e9paration anormale et cruelle.<\/p>\n<p><iframe loading=\"lazy\" width=\"560\" height=\"315\" src=\"\/\/www.youtube.com\/embed\/BzukF611OpE\" frameborder=\"0\" allowfullscreen><\/iframe>\n<\/div>\n","protected":false},"excerpt":{"rendered":"<p>A la m\u00e9moire des soldats morts pour la France, il y a 100 ans, nous vous proposons la pri\u00e8re universelle qui a \u00e9t\u00e9 lue avec beaucoup d&rsquo;intensit\u00e9, ce matin, \u00e0\u00a0 la messe du souvenir&#46;&#46;&#46;<\/p>\n","protected":false},"author":2,"featured_media":0,"comment_status":"open","ping_status":"open","sticky":false,"template":"","format":"standard","meta":{"footnotes":""},"categories":[],"tags":[],"class_list":["post-790","post","type-post","status-publish","format-standard","hentry"],"_links":{"self":[{"href":"http:\/\/www.chapelle-crecy.com\/index.php?rest_route=\/wp\/v2\/posts\/790","targetHints":{"allow":["GET"]}}],"collection":[{"href":"http:\/\/www.chapelle-crecy.com\/index.php?rest_route=\/wp\/v2\/posts"}],"about":[{"href":"http:\/\/www.chapelle-crecy.com\/index.php?rest_route=\/wp\/v2\/types\/post"}],"author":[{"embeddable":true,"href":"http:\/\/www.chapelle-crecy.com\/index.php?rest_route=\/wp\/v2\/users\/2"}],"replies":[{"embeddable":true,"href":"http:\/\/www.chapelle-crecy.com\/index.php?rest_route=%2Fwp%2Fv2%2Fcomments&post=790"}],"version-history":[{"count":0,"href":"http:\/\/www.chapelle-crecy.com\/index.php?rest_route=\/wp\/v2\/posts\/790\/revisions"}],"wp:attachment":[{"href":"http:\/\/www.chapelle-crecy.com\/index.php?rest_route=%2Fwp%2Fv2%2Fmedia&parent=790"}],"wp:term":[{"taxonomy":"category","embeddable":true,"href":"http:\/\/www.chapelle-crecy.com\/index.php?rest_route=%2Fwp%2Fv2%2Fcategories&post=790"},{"taxonomy":"post_tag","embeddable":true,"href":"http:\/\/www.chapelle-crecy.com\/index.php?rest_route=%2Fwp%2Fv2%2Ftags&post=790"}],"curies":[{"name":"wp","href":"https:\/\/api.w.org\/{rel}","templated":true}]}}