{"id":792,"date":"2014-11-15T02:33:00","date_gmt":"2014-11-15T02:33:00","guid":{"rendered":""},"modified":"-0001-11-30T00:00:00","modified_gmt":"-0001-11-29T22:00:00","slug":"","status":"publish","type":"post","link":"http:\/\/www.chapelle-crecy.com\/?p=792","title":{"rendered":"SPECIAL Neuf mois de pri\u00e8re pour la France du 15 novembre 2014 au 15 ao\u00e0\u00bbt 2015"},"content":{"rendered":"<div align=\"justify\">[Une neuvaine de neuf mois de pri\u00e8re pour la France->http:\/\/www.libertepolitique.com\/Convaincre\/Argumenter\/Neuvaine-pour-la-France2\/15-novembre-15-aout-grande-neuvaine-nationale] est propos\u00e9e \u00e0\u00a0 tous les catholiques du pays du 15 novembre 2014 au 15 ao\u00fbt 2015, sous le patronage du cardinal Philippe Barbarin, archev\u00eaque de Lyon, Primat des Gaules, et de plusieurs \u00e9v\u00eaques, pour \u00ab une nouvelle mentalit\u00e9 politique et \u00e9conomique \u00bb.<\/p>\n<p>Le site, une page Facebook ([La Neuvaine->https:\/\/www.facebook.com\/LaNeuvaine?fref=ts]), un compte twitter ([@laneuvaine->https:\/\/twitter.com\/search?q=%40laneuvaine&#038;src=typd&#038;lang=fr]) assureront sa diffusion et soutiendront quotidiennement la pri\u00e8re de chacun. Des relais avec les sanctuaires et lieux de p\u00e8lerinages de France sont \u00e9tablis.<\/p>\n<p>\u00ab Durant neuf mois, les personnes, associations, paroisses, dioc\u00e8ses, communaut\u00e9s et mouvements sont appel\u00e9s \u00e0\u00a0 prier chaque jour et \u00e0\u00a0 je\u00fbner chaque mois pour la France et pour chacun de ses habitants \u00bb, annonce un communiqu\u00e9.<\/p><\/div>\n<div align=\"justify\">Il cite cette conviction du pape Fran\u00e7ois dans son exhortation apostolique La Joie de l&rsquo;Evangile : \u00ab Je suis convaincu qu&rsquo;\u00e0 partir d&rsquo;une ouverture \u00e0 la transcendance pourrait na \u00eetre une nouvelle mentalit\u00e9 politique et \u00e9conomique \u00bb (\u00c2\u00a7 205).<\/p>\n<p> \u00ab En ce temps marqu\u00e9 par la crise, la sinistrose ou le d\u00e9sespoir, la pri\u00e8re n&rsquo;est pas sans lien avec les questions sociales et politiques. Au contraire, elle est au principe de l&rsquo;esp\u00e9rance, d&rsquo;une naissance ou d&rsquo;une renaissance, d&rsquo;un renouveau, de notre conversion personnelle et des d\u00e9cisions courageuses \u00e0 prendre \u00bb, ajoute le comuniqu\u00e9 qui conclut avec cette allusion \u00e0 la fameuse question de Staline  \u00ab Le pape, combien de divisions? \u00bb  : \u00ab La pri\u00e8re : \u00ab combien de divisions ? \u00bb La plus grande force de l&rsquo;histoire des hommes ! \u00bb<\/p>\n<p> Le projet est n\u00e9 de l&rsquo;intuition de plusieurs la\u00efcs issus d&rsquo;horizons divers : compos\u00e9 de salari\u00e9s ou chefs d&rsquo;entreprise, m\u00e8res au foyer, \u00e9tudiants, enseignants\u00e2\u20ac\u00a6 ce groupe n&rsquo;est rattach\u00e9 \u00e0 aucun mouvement, aucune sensibilit\u00e9, aucune institution.<\/p>\n<p> Il a souhait\u00e9 avant tout soutenir les pasteurs d&rsquo;Eglise dans leur mission d&rsquo;\u00e9vang\u00e9lisation en proposant son temps et ses talents pour f\u00e9d\u00e9rer autour de la pri\u00e8re tous les catholiques de France qui le souhaitent et sensibiliser chacun au fait que sans la pri\u00e8re, toute action \u00e9tait vaine.<\/p>\n<p> De nombreux \u00e9v\u00eaques, pr\u00eatres, p\u00e8res abb\u00e9s, moniales ont r\u00e9pondu favorablement \u00e0 l&rsquo;appel. A ce jour, les contributeurs officiels sont : le Cardinal Barbarin, Mgr Rey, Mgr Legrez, Mgr d&rsquo;Ornellas, Mgr Brouwet, Mgr Lebrun, Dom Dupont, Dom Pateau, Dom Courau, Dom Olive, M\u00e8re Anne, P\u00e8re Guy Gilbert, Mgr Patrick Chauvet, P\u00e8re Fran\u00e7ois Daguet, P\u00e8re Serge- Thomas Bonino, Abbe Guilhem Lecoq, Abb\u00e9 Fabrice Loiseau, P\u00e8re Matthieu Roug\u00e9, P\u00e8re Michel-Marie Zanotti-Zorkine, Abb\u00e9 Pierre -Herv\u00e9 Grosjean, P\u00e8re Bernard Peyrous, Mgr Antoine de Rochebrune, Mgr Pascal Ide, Abb\u00e9 Ronan de Gouvello, Abb\u00e9 Lepivain, P\u00e8re Emmanuel Gobillard, P\u00e8re Xavier Malle, Abb\u00e9 Philippe de Maistre, Abb\u00e9 Pierre Amar, Abb\u00e9 Guillaume Seguin, Abb\u00e9 Eric Iborra, P\u00e8re Patrick Faure, P\u00e8re Laurent-Marie Pocquet du Haut- Juss\u00e9, P\u00e8re Brice de Malherbe, P\u00e8re Jean-Emanuel de Gabory, P\u00e8re Patrick de Laubier, Abb\u00e9 Vincent Sauer, Mgr Guillaume Derville, P\u00e8re Guillaume de Menthi\u00e8re, P\u00e8re Daniel Ange, P\u00e8re Christian Venard, Abb\u00e9 Pierre T\u00e9qui, Abb\u00e9 Hubert Leli\u00e8vre, Dom Louis-Herv\u00e9 Marie, P\u00e8re Beno \u00eet Gu\u00e9das, P\u00e8re Guy Gilbert\u00e2\u20ac\u00a6 et d&rsquo;autres dont nous attendons les confirmations.<\/p>\n<p> Pourquoi donc une neuvaine ?<\/p>\n<p> Parce que la pri\u00e8re peut tout,<br \/>\n Parce qu&rsquo;elle ouvre nos coeurs \u00e0 la conscience que \u00ab l&rsquo;homme passe infiniment l&rsquo;homme \u00bb,<br \/>\n Parce qu&rsquo;elle est la clef de vo\u00fbte de notre conversion qui, seule, changera r\u00e9ellement le monde,<br \/>\n Parce nous ne pouvons pas r\u00e9duire notre pri\u00e8re \u00e0 notre seule sph\u00e8re individuelle,<br \/>\n Parce que la pri\u00e8re nous unit \u00e0 Dieu et nous rassemble en son sein,<br \/>\n Parce \u00ab si deux d&rsquo;entre vous s&rsquo;accordent sur la terre pour demander quelque chose, ils l&rsquo;obtiendront de mon P\u00e8re qui est dans les cieux \u00bb (Matthieu 18,19).<\/p>\n<p> Le bapt\u00eame de la France<\/p>\n<p> Tous les chr\u00e9tiens fran\u00e7ais et amis de notre pays sont invit\u00e9s \u00e0 rejoindre cette grande neuvaine pour la France du 15 novembre 2014 au 15 ao\u00fbt 2015 : une neuvaine de neuf mois pour se fortifier dans la fid\u00e9lit\u00e9 \u00e0 sa foi, \u00e0 ses engagements, et \u00e0 l&rsquo;\u00e9vang\u00e9lisation de nos dirigeants.<\/p>\n<p> \u00ab France, fille a \u00een\u00e9e de l&rsquo;Eglise et \u00e9ducatrice des peuples, qu&rsquo;as-tu fait des promesses de ton bapt\u00eame ? \u00bb Cet appel de saint Jean Paul II \u00e0 rester fid\u00e8le aux dons de Dieu ne peut \u00eatre entendu et honor\u00e9 que si les citoyens fran\u00e7ais se tournent ensemble vers Lui. La Pologne est un bel exemple de pi\u00e9t\u00e9 et d&rsquo;esp\u00e9rance par sa neuvaine ininterrompue de neuf ann\u00e9es\u00e2\u20ac\u00a6 les fruits en ont \u00e9t\u00e9 au-del\u00e0 de toute esp\u00e9rance ! Les Fran\u00e7ais peuvent aussi retrouver leurs coeurs d&rsquo;enfant, car pour \u00eatre exauc\u00e9, encore faut-il demander\u00e2\u20ac\u00a6 les miracles dont Lui seul a le secret.<\/p>\n<p> Cette neuvaine s&rsquo;articulera de la mani\u00e8re suivante :<\/p>\n<p> 1. Une invitation \u00e0 la pri\u00e8re quotidienne (le chapelet ou une dizaine et la pri\u00e8re de la neuvaine)<br \/>\n 2. Un je\u00fbne le premier vendredi de chaque mois<br \/>\n 3. Une chemin de croissance et de communion de tous gr\u00e2ce aux textes publi\u00e9s quotidiennement sur notre site [www.laneuvaine.fr->www.laneuvaine.fr]<br \/>\n 4. Chaque vendredi une m\u00e9ditation de l&rsquo;un de nos \u00e9v\u00eaques, p\u00e8res abb\u00e9s, pr\u00eatres et moniales.\n<\/p><\/div>\n","protected":false},"excerpt":{"rendered":"<p>[Une neuvaine de neuf mois de pri\u00e8re pour la France->http:\/\/www.libertepolitique.com\/Convaincre\/Argumenter\/Neuvaine-pour-la-France2\/15-novembre-15-aout-grande-neuvaine-nationale] est propos\u00e9e \u00e0\u00a0 tous les catholiques du pays du 15 novembre 2014 au 15 ao\u00fbt 2015, sous le patronage du cardinal Philippe Barbarin, archev\u00eaque&#46;&#46;&#46;<\/p>\n","protected":false},"author":2,"featured_media":0,"comment_status":"open","ping_status":"open","sticky":false,"template":"","format":"standard","meta":{"footnotes":""},"categories":[],"tags":[],"class_list":["post-792","post","type-post","status-publish","format-standard","hentry"],"_links":{"self":[{"href":"http:\/\/www.chapelle-crecy.com\/index.php?rest_route=\/wp\/v2\/posts\/792","targetHints":{"allow":["GET"]}}],"collection":[{"href":"http:\/\/www.chapelle-crecy.com\/index.php?rest_route=\/wp\/v2\/posts"}],"about":[{"href":"http:\/\/www.chapelle-crecy.com\/index.php?rest_route=\/wp\/v2\/types\/post"}],"author":[{"embeddable":true,"href":"http:\/\/www.chapelle-crecy.com\/index.php?rest_route=\/wp\/v2\/users\/2"}],"replies":[{"embeddable":true,"href":"http:\/\/www.chapelle-crecy.com\/index.php?rest_route=%2Fwp%2Fv2%2Fcomments&post=792"}],"version-history":[{"count":0,"href":"http:\/\/www.chapelle-crecy.com\/index.php?rest_route=\/wp\/v2\/posts\/792\/revisions"}],"wp:attachment":[{"href":"http:\/\/www.chapelle-crecy.com\/index.php?rest_route=%2Fwp%2Fv2%2Fmedia&parent=792"}],"wp:term":[{"taxonomy":"category","embeddable":true,"href":"http:\/\/www.chapelle-crecy.com\/index.php?rest_route=%2Fwp%2Fv2%2Fcategories&post=792"},{"taxonomy":"post_tag","embeddable":true,"href":"http:\/\/www.chapelle-crecy.com\/index.php?rest_route=%2Fwp%2Fv2%2Ftags&post=792"}],"curies":[{"name":"wp","href":"https:\/\/api.w.org\/{rel}","templated":true}]}}