{"id":793,"date":"2014-11-17T16:12:47","date_gmt":"2014-11-17T16:12:47","guid":{"rendered":""},"modified":"-0001-11-30T00:00:00","modified_gmt":"-0001-11-29T22:00:00","slug":"","status":"publish","type":"post","link":"http:\/\/www.chapelle-crecy.com\/?p=793","title":{"rendered":"L&rsquo;\u00e9quipe de cat\u00e9 2014-2015"},"content":{"rendered":"<div align=\"justify\">\u00e9lisabeth Remoleur a pris en charge la coordination de la cat\u00e9ch\u00e8se paroissiale, succ\u00e9dant \u00e0\u00a0 Evelyne Reydel, qui, se consacrant principalement \u00e0\u00a0 la cat\u00e9ch\u00e8se des adultes et des grands jeunes, quitte sa mission de cat\u00e9chiste classique, tout comme Nicole Latieule. Deux nouvelles cat\u00e9chistes ont commenc\u00e9 leur mission d\u00e8s la rentr\u00e9e : St\u00e9phanie Vieux et Charlotte You.<\/p>\n<div align=\"center\"><img decoding=\"async\" src=\"\/IMG\/jpg\/cate2014.jpg\" width=400><\/div>\n<div align=\"center\">De gauche \u00e0\u00a0 droite: Nicole Latieule, St\u00e9phanie Vieux, Elisabeth Remoleur, Charlotte You, Ren\u00e9e Delaubri\u00e8re, Evelyne Reydel, Monique Chavigny de Lachevroti\u00e8re, Anne-Marie Grondin.<\/div>\n<p>Retrouvez dans la suite de l&rsquo;article la composition des \u00e9quipes et le projet d&rsquo;ann\u00e9e propos\u00e9e par la nouvelle responsable, Elisabeth.\n<\/p><\/div>\n<div align=\"justify\">\n<p> Les cat\u00e9chistes du secteur de Cr\u00e9cy-la-Chapelle \u00e0 votre service<\/p>\n<table border=1>\n<tbody>\n<tr>\n<td width= 100>1\u00e8re ann\u00e9e : <\/td>\n<td width=240>Charlotte YOU <br \/>06 83 81 45 61 <br \/> charheloban@yahoo.fr<\/p>\n<p>St\u00e9phanie VIEUX<br \/>01 60 43 26 95 ou 06 59 18 59 12 <br \/>stephanie.vieux@laposte.net<\/td>\n<td width=260>Samedi matin de 10h30 \u00e0 12h<br \/>Ecole Ste Th\u00e9r\u00e8se<\/td>\n<\/tr>\n<tr>\n<td>2\u00e8me ann\u00e9e : <\/td>\n<td>Elisabeth REMOLEUR <br \/>01 64 63 74 30 ou 06 84 90 16 28 <br \/>zabetou@free.fr <\/td>\n<td>Mercredi apr\u00e8s-midi de 14h \u00e0 15h30<br \/>Salle paroissiale de Cr\u00e9cy<\/td>\n<\/tr>\n<tr>\n<td>3\u00e8me ann\u00e9e :<\/td>\n<td>Ren\u00e9e de LAUBRIERE<br \/>01 64 63 84 99 ou 06 03 48 40 56<br \/> rpdelaubriere@orange.fr <\/td>\n<td>Mardi soir De 17h \u00e0 18h30<br \/>Salle paroissiale de Cr\u00e9cy<\/td>\n<\/tr>\n<tr>\n<td>4\u00e8me ann\u00e9e :<\/td>\n<td>Anne-Marie GRONDIN<br \/>01 64 63 06 31 ou 06 03 40 75 09<br \/> grondin.thierry@neuf.fr <\/td>\n<td>Samedi matin De 10h \u00e0 11h30<br \/>Salle paroissiale de Cr\u00e9cy<\/td>\n<\/tr>\n<\/tbody>\n<\/table>\n<div align=\"center\"><img decoding=\"async\" src=\"\/IMG\/jpg\/cate2014-2.jpg\" width=250><\/div>\n<p> CALENDRIER DES MESSES AVEC PARTICIPATION DES ENFANTS<\/p>\n<p> Dimanche 21 septembre \u00e0 10h30 \u00e0 la coll\u00e9giale et appel des enfants de la 1\u00e8re ann\u00e9e \u00e0 qui nous remettrons le livret de vie chr\u00e9tienne<br \/>\n Dimanche 12 octobre 2014<br \/>\n Dimanche 14 d\u00e9cembre 2014<br \/>\n Mercredi 24 d\u00e9cembre Messe de No\u00ebl avec cr\u00e8che vivante par les enfants<br \/>\n Dimanche 08 f\u00e9vrier 2015<br \/>\n Dimanche 12 avril 2015<br \/>\n Dimanche 21 juin 2015 Messe d&rsquo;action de gr\u00e2ces<\/p>\n<p> PREMIERE COMMUNION<br \/>\n Proposition des dimanches  12 avril, 3 mai ou 10 mai<br \/>\n(Vacances du 17 avril au 4 mai)<\/p>\n<p> PROFESSION DE FOI<br \/>\n Dimanche 31 mai (f\u00eate des m\u00e8res et sainte Trinit\u00e9 )<\/p>\n<p> Projets pour la cat\u00e9ch\u00e8se de  2014 \/2015<\/p>\n<p> Pour la premi\u00e8re, deuxi\u00e8me et troisi\u00e8me ann\u00e9e, nous poursuivons les modules propos\u00e9s dans le parcours Nathana\u00ebl qui ont eu un impact positif aupr\u00e8s des cat\u00e9chistes, des enfants et des parents.<br \/>\n Cependant, la premi\u00e8re ann\u00e9e commencera avec le module sp\u00e9cifique d&rsquo;entr\u00e9e en cat\u00e9ch\u00e8se. <\/p>\n<p> La quatri\u00e8me ann\u00e9e utilisera comme l&rsquo;an pass\u00e9 le parcours Kim et No\u00e9.<\/p>\n<p> Un nouveau module sera abord\u00e9 pour chacune des 5 p\u00e9riodes scolaires et chacune d&rsquo;elle s&rsquo;ach\u00e8vera par une messe participative o\u00f9 les enfants pourront manifester par des paroles, des chants, des panneaux, des danses ou des sc\u00e9nettes \u00e9vang\u00e9liques ce qu&rsquo;ils auront v\u00e9cu.<\/p>\n<p> Nous proposerons aux enfants des r\u00e9unions tous les quinze jours, voire plus quand cela sera n\u00e9cessaire.<\/p>\n<p> Chaque cat\u00e9chiste \u00e9tablira son programme selon ses disponibilit\u00e9s et en informera les parents de son \u00e9quipe.<\/p>\n<p> Les s\u00e9ances auront lieu :<\/p>\n<p> A  l&rsquo;\u00e9cole Sainte-Th\u00e9r\u00e8se de Couilly Pont-aux-Dames le samedi matin de 10h30 \u00e0 12h pour la 1\u00e8re ann\u00e9e.<\/p>\n<p> A la salle de cat\u00e9chisme le mercredi de 14h \u00e0 15h30 pour la 2\u00e8me ann\u00e9e.<\/p>\n<p> A la salle de cat\u00e9chisme  le mardi soir de 17h \u00e0 18h30 pour la 3\u00e8me ann\u00e9e<\/p>\n<p> A la salle de cat\u00e9chisme le samedi matin de 10h \u00e0 11h30 pour la 4\u00e8me ann\u00e9e<\/p>\n<p> A la fin de la premi\u00e8re p\u00e9riode, nous proposerons des \u00e9quipes de vie afin que les enfants puissent s&rsquo;inscrire et commencer apr\u00e8s les vacances de la Toussaint. (Servants d&rsquo;autel, visite des \u00e9glises, ic\u00f4nes, solidarit\u00e9, jeux sc\u00e9niques, secours catholique, scouts etc.\u00e2\u20ac\u00a6).<\/p>\n<p> Une r\u00e9union d&rsquo;information sera propos\u00e9e aux enfants qui ont fait leur profession de foi en juin dernier afin de leur pr\u00e9senter l&rsquo;aum\u00f4nerie avec Thierry Grondin, le MEJ avec Laetitia Fouilland et les scouts avec V\u00e9ronique Lombr\u00e9. <\/p>\n<p>  Envoie Seigneur ton Esprit-Saint, qu&rsquo;Il nous \u00e9claire et nous conduise sur nos chemins d&rsquo;\u00e9vang\u00e9lisation, qu&rsquo;Il habite nos mots, fasse germer en nous ta Parole pour qu&rsquo;elle porte de bons fruits aupr\u00e8s de ces enfants que tu nous confies.                    <\/p>\n<p> Elisabeth R\u00e9moleur<\/p>\n<\/div>\n","protected":false},"excerpt":{"rendered":"<p>\u00e9lisabeth Remoleur a pris en charge la coordination de la cat\u00e9ch\u00e8se paroissiale, succ\u00e9dant \u00e0\u00a0 Evelyne Reydel, qui, se consacrant principalement \u00e0\u00a0 la cat\u00e9ch\u00e8se des adultes et des grands jeunes, quitte sa mission de cat\u00e9chiste&#46;&#46;&#46;<\/p>\n","protected":false},"author":2,"featured_media":0,"comment_status":"open","ping_status":"open","sticky":false,"template":"","format":"standard","meta":{"footnotes":""},"categories":[],"tags":[],"class_list":["post-793","post","type-post","status-publish","format-standard","hentry"],"_links":{"self":[{"href":"http:\/\/www.chapelle-crecy.com\/index.php?rest_route=\/wp\/v2\/posts\/793","targetHints":{"allow":["GET"]}}],"collection":[{"href":"http:\/\/www.chapelle-crecy.com\/index.php?rest_route=\/wp\/v2\/posts"}],"about":[{"href":"http:\/\/www.chapelle-crecy.com\/index.php?rest_route=\/wp\/v2\/types\/post"}],"author":[{"embeddable":true,"href":"http:\/\/www.chapelle-crecy.com\/index.php?rest_route=\/wp\/v2\/users\/2"}],"replies":[{"embeddable":true,"href":"http:\/\/www.chapelle-crecy.com\/index.php?rest_route=%2Fwp%2Fv2%2Fcomments&post=793"}],"version-history":[{"count":0,"href":"http:\/\/www.chapelle-crecy.com\/index.php?rest_route=\/wp\/v2\/posts\/793\/revisions"}],"wp:attachment":[{"href":"http:\/\/www.chapelle-crecy.com\/index.php?rest_route=%2Fwp%2Fv2%2Fmedia&parent=793"}],"wp:term":[{"taxonomy":"category","embeddable":true,"href":"http:\/\/www.chapelle-crecy.com\/index.php?rest_route=%2Fwp%2Fv2%2Fcategories&post=793"},{"taxonomy":"post_tag","embeddable":true,"href":"http:\/\/www.chapelle-crecy.com\/index.php?rest_route=%2Fwp%2Fv2%2Ftags&post=793"}],"curies":[{"name":"wp","href":"https:\/\/api.w.org\/{rel}","templated":true}]}}