{"id":795,"date":"2014-11-28T01:37:20","date_gmt":"2014-11-28T01:37:20","guid":{"rendered":""},"modified":"-0001-11-30T00:00:00","modified_gmt":"-0001-11-29T22:00:00","slug":"","status":"publish","type":"post","link":"http:\/\/www.chapelle-crecy.com\/?p=795","title":{"rendered":"Nous avons perdu plus qu&rsquo;un ami: Pascal Courson  notre fr\u00e8re"},"content":{"rendered":"<div align=\"justify\">C&rsquo;est avec une grande tristesse que nous venons d&rsquo;apprendre la disparition de Pascal Courson (Responsable d&rsquo;Equipe du Secours Catholique d&rsquo;Esbly) ce matin \u00e0\u00a0 11h30.<br \/>\nPascal se battait depuis plusieurs mois contre la maladie. Nous pensons \u00e0\u00a0 sa femme, Sylvie, \u00e0\u00a0 ses enfants et \u00e0\u00a0 l&rsquo;ensemble des b\u00e9n\u00e9voles de l&rsquo;\u00e9quipe.<br \/>\nPour son rayonnement de bont\u00e9, pour tout le d\u00e9vouement sans pareil avec lequel il a pr\u00e9par\u00e9 les jeunes de notre secteur \u00e0\u00a0 la confirmation et redonn\u00e9 l&rsquo;esp\u00e9rance \u00e0\u00a0 tous ces jeunes qu&rsquo;il a c toy\u00e9s en aum nerie, nous implorons le Seigneur Dieu d&rsquo;aider sa famille \u00e0\u00a0 traverser cette difficile \u00e9preuve.<br \/>\nLes obs\u00e8ques de Pascal Courson auront lieu mercredi 3 d\u00e9cembre \u00e0\u00a0 15h \u00e0\u00a0 Esbly. En repensant \u00e0\u00a0 Pascal, dans la suite de cet article, vous pourrez lire le t\u00e9moignage \u00e9mouvant d&rsquo;Alain et revoir Pascal dans le petit album souvenir que nous vous proposons.<\/div>\n<div align=\"justify\">\n<div align=\"center\">Les week-ends de marche vers Jouarre avec Pascal<\/div>\n<p>  Nous formions un groupe ouvert, entre randonneurs et p\u00e8lerins, li\u00e9 par l&rsquo;amiti\u00e9, le go\u00fbt de la marche et les impr\u00e9vus de la providence. Deux fois par an depuis 1996 et pendant une quinzaine d&rsquo;ann\u00e9es, nous partions le samedi matin \u00e0 pied de la gare de Cr\u00e9cy pour rejoindre par les chemins l&rsquo;abbaye Notre-Dame \u00e0 Jouarre. Nous restions au monast\u00e8re jusqu&rsquo;au dimanche apr\u00e8s-midi en partageant la vie des offices et en \u00e9changeant fraternellement nos exp\u00e9riences de vie, tant\u00f4t joyeuses, tant\u00f4t douloureuses, chacun \u00e0 son pas. Pascal avait fait partie du noyau de d\u00e9part, il y \u00e9tait tr\u00e8s attach\u00e9 et \u00e9tait souvent des n\u00f4tres, chaque fois que son travail le lui permettait. Il aimait se lever dans la nuit pour rejoindre l&rsquo;office de Vigile. Il faut dire que les soeurs de Jouarre \u00e9taient tr\u00e8s ch\u00e8res \u00e0 son coeur. Elles avaient tenu une place importante dans son chemin vers Dieu, qui devait le conduire \u00e0 la joie de la Confirmation lors du rassemblement dioc\u00e9sain de Combreux en juin 2000. \u00ab De quoi parliez-vous en chemin ? \u00bb : chacun de nous cheminait dans sa foi, avec des moments de gr\u00e2ce partag\u00e9e. Pascal continuera de marcher avec nous sur nos chemins de Jouarre et d&rsquo;ailleurs, avec sa chaleur fraternelle.<br \/>\n Alain Deleu<\/p>\n<div align=\"center\">De la part des jeunes que tu as accompagn\u00e9s: Merci Pascal !<\/div>\n<div align=\"center\"><img decoding=\"async\" src=\"\/IMG\/jpg\/PC1.jpg\" width=450><\/div>\n<div align=\"center\"><img decoding=\"async\" src=\"\/IMG\/jpg\/PC2.jpg\" width=450><\/div>\n<div align=\"center\"><img decoding=\"async\" src=\"\/IMG\/jpg\/PC3.jpg\" width=450><\/div>\n<\/div>\n","protected":false},"excerpt":{"rendered":"<p>C&rsquo;est avec une grande tristesse que nous venons d&rsquo;apprendre la disparition de Pascal Courson (Responsable d&rsquo;Equipe du Secours Catholique d&rsquo;Esbly) ce matin \u00e0\u00a0 11h30. Pascal se battait depuis plusieurs mois contre la maladie. Nous&#46;&#46;&#46;<\/p>\n","protected":false},"author":2,"featured_media":0,"comment_status":"open","ping_status":"open","sticky":false,"template":"","format":"standard","meta":{"footnotes":""},"categories":[],"tags":[],"class_list":["post-795","post","type-post","status-publish","format-standard","hentry"],"_links":{"self":[{"href":"http:\/\/www.chapelle-crecy.com\/index.php?rest_route=\/wp\/v2\/posts\/795","targetHints":{"allow":["GET"]}}],"collection":[{"href":"http:\/\/www.chapelle-crecy.com\/index.php?rest_route=\/wp\/v2\/posts"}],"about":[{"href":"http:\/\/www.chapelle-crecy.com\/index.php?rest_route=\/wp\/v2\/types\/post"}],"author":[{"embeddable":true,"href":"http:\/\/www.chapelle-crecy.com\/index.php?rest_route=\/wp\/v2\/users\/2"}],"replies":[{"embeddable":true,"href":"http:\/\/www.chapelle-crecy.com\/index.php?rest_route=%2Fwp%2Fv2%2Fcomments&post=795"}],"version-history":[{"count":0,"href":"http:\/\/www.chapelle-crecy.com\/index.php?rest_route=\/wp\/v2\/posts\/795\/revisions"}],"wp:attachment":[{"href":"http:\/\/www.chapelle-crecy.com\/index.php?rest_route=%2Fwp%2Fv2%2Fmedia&parent=795"}],"wp:term":[{"taxonomy":"category","embeddable":true,"href":"http:\/\/www.chapelle-crecy.com\/index.php?rest_route=%2Fwp%2Fv2%2Fcategories&post=795"},{"taxonomy":"post_tag","embeddable":true,"href":"http:\/\/www.chapelle-crecy.com\/index.php?rest_route=%2Fwp%2Fv2%2Ftags&post=795"}],"curies":[{"name":"wp","href":"https:\/\/api.w.org\/{rel}","templated":true}]}}